{"id":639753,"date":"2025-12-11T18:28:35","date_gmt":"2025-12-11T18:28:35","guid":{"rendered":"https:\/\/www.europesays.com\/de\/639753\/"},"modified":"2025-12-11T18:28:35","modified_gmt":"2025-12-11T18:28:35","slug":"ungewohnt-offen-chris-oneill-schwaermt-von-ehefrau-madeleine","status":"publish","type":"post","link":"https:\/\/www.europesays.com\/de\/639753\/","title":{"rendered":"Ungewohnt offen: Chris O&#8217;Neill schw\u00e4rmt von Ehefrau Madeleine"},"content":{"rendered":"<p>&#8222;Ohne sie w\u00e4re ich nicht derselbe&#8220;<\/p>\n<p>Ungewohnt offen: Chris O&#8217;Neill schw\u00e4rmt von Ehefrau Madeleine<\/p>\n<p><img decoding=\"async\" data-hk=\"00932120a14011002010\" loading=\"lazy\" src=\"https:\/\/www.europesays.com\/de\/wp-content\/uploads\/2025\/12\/1765477709_285_75c29ff2-8b2c-4f83-bbad-3f98dd0dbd20.80b33326-3151-406b-879e-db181037995f.png\" alt=\"Privat\" width=\"48\" height=\"48\"\/>Antonia Benzvon <a href=\"https:\/\/www.bunte.de\/autoren\/antonia-benz_dbb875d2-abdd-4213-b919-dd67f02e1554.html\" target=\"_blank\" rel=\"noopener\">Antonia  Benz<\/a><\/p>\n<p>11.12.2025, 17:29 Uhr<\/p>\n<p>11. Dezember 2025 um 17:29 Uhr<\/p>\n<p>Seit zw\u00f6lf Jahren sind Chris O&#8217;Neill und Madeleine von Schweden verheiratet. Normalerweise h\u00e4lt sich Chris bedeckt, doch nun findet er r\u00fchrende Worte f\u00fcr seine Herzensdame.<\/p>\n<p><a href=\"https:\/\/www.bunte.de\/starprofile\/chris-oneill\/pages\/page-1.html\" rel=\"follow noopener\" target=\"_self\">Chris O&#8217;Neill <\/a>(51), der Ehemann von Prinzessin Madeleine von Schweden (43), ist eigentlich als stiller Beobachter bekannt. Der britisch-amerikanische Unternehmer \u00fcberl\u00e4sst seiner Frau, <a href=\"https:\/\/www.bunte.de\/royals\/schwedisches-koenigshaus\/madeleine-von-schwedens-chris-oneills-hochzeitstag-so-begann-ihre-liebe.html\" rel=\"follow noopener\" target=\"_self\">mit der er seit mehr als einem Jahrzehnt verheiratet ist<\/a>, gerne die B\u00fchne. Doch nun ist der 51-J\u00e4hrige in Plauderlaune, \u00fcberrascht uns mit einem tiefgehenden Interview. Darin verr\u00e4t er nicht nur, wie er f\u00fcr seine drei Kinder vorsorgen m\u00f6chte, sondern schw\u00e4rmt von seiner Herzensdame Madeleine. Warum er &#8222;ohne sie&#8220; nicht der w\u00e4re, der er heute ist.\u00a0<\/p>\n<p>ANZEIGE<img decoding=\"async\" data-hk=\"00932120a21220302010\" loading=\"lazy\"  src=\"https:\/\/www.europesays.com\/de\/wp-content\/uploads\/2025\/12\/fa0def5d-5bca-4ac7-9395-404a9e4006e8.38d5fdf9-0a59-409c-af0c-7fc84963f26e.jpg\"  alt=\"Chris O'Neill, Madeleine von Schweden\" width=\"1024\" height=\"684\"\/> Ihre Liebe besiegeln Chris O&#8217;Neill &amp; Prinzessin Madeleine am 8. Juni 2013 mit der Heirat in Stockholm.    Anna Lu Lundholm\/WireImage Chris O&#8217;Neills schw\u00e4rmt von Ehefrau Madeleine<\/p>\n<p>Das Interview-Setting k\u00f6nnte nicht unromantischer sein: Im Business-Center im Herzen Stockholms plaudert Chris O&#8217;Neill am Donnerstag (11. Dezember) offen mit dem schwedischen Finanz- und Wirtschaftsmagazin &#8222;EFN&#8220;, wie &#8222;DanaPress&#8220; berichtet. Zun\u00e4chst spricht der Mann von Prinzessin Madeleine dabei \u00fcber seine Vita: Als Nachfahre mehrerer Banker \u2013 darunter Papa Paul Cesario O&#8217;Neill (\u202078) \u2013 macht Chris erst seinen Master in Betriebswirtschaftslehre, bevor er danach Finanzberater in der eigenen Firma (&#8222;Belgravia Advisors&#8220;) wird.\u00a0<\/p>\n<p>ANZEIGE<\/p>\n<p>Was ihm damals durchs Studium geholfen hat? &#8222;Vorbilder&#8220;, sagt er heute. &#8222;Ein Genie&#8220;, an das man sich &#8222;anlehnen&#8220; k\u00f6nne, wie er seine Mentoren beschreibt. Und dann wird es romantisch: Zu seinen Mentoren z\u00e4hlt der Gesch\u00e4ftsmann n\u00e4mlich auch seine Ehefrau, Madeleine von Schweden, die j\u00fcngste Tochter von K\u00f6nig Carl Gustaf XVI. (79) und K\u00f6nigin Silvia von Schweden (81). \u00dcber seine Liebe zu ihr schw\u00e4rmt er: &#8222;Ohne sie w\u00e4re ich nicht der, der ich bin.&#8220; Selten emotionale Worte des sonst zur\u00fcckhaltenden Ehemannes.\u00a0<\/p>\n<p>ANZEIGE<\/p>\n<p><img decoding=\"async\" data-hk=\"00932120a21280302010\" loading=\"lazy\"  src=\"https:\/\/www.europesays.com\/de\/wp-content\/uploads\/2025\/12\/b6ff7e79-9c80-47d4-b537-f5d2c3e127ed.083eda16-2098-4937-8275-e300d4a543c7.jpg\"  alt=\"Madeleine von Schweden, Chris O'Neill, Prinz Nicolas, Prinzessin Leonore, Prinzessin Adrienne\" width=\"645\" height=\"720\"\/> Prinzessin Madeleine &amp; Chris O&#8217;Neill mit ihren Kindern Nicolas, Leonore, Adrienne. F\u00fcr ihre Zukunft m\u00f6chte Chris sparen.   Rune Hellestad\/Getty Images Wie der Ehemann der Prinzessin f\u00fcr die drei Kinder vorsorgt<\/p>\n<p>Gemeinsam mit seiner schwedischen Prinzessin hat Chris drei Kinder: Prinzessin Leonore (11), Prinz Nicolas (10) und das Nesth\u00e4kchen, Prinzessin Adrienne (7). Auch \u00fcber sie spricht er offen, sorgt sich als f\u00fcrsorglicher Papa besonders um die Zukunft der Kids. Um die abzusichern, will Chris f\u00fcr den Nachwuchs sparen. So, wie es ihm seine Eltern Paul und Eva O&#8217;Neill (76) einst vorgelebt h\u00e4tten. Er k\u00f6nne sich vorstellen, etwa schwedische Aktien &#8222;als Sparform f\u00fcr (die) Kinder&#8220; privat anzulegen, zitiert ihn &#8222;DanaPress.&#8220; Aber wohl nicht mit seiner Firma, denn aktuell handele er nur &#8222;sehr selten&#8220; Aktien an der B\u00f6rse, was am Status seiner Frau liege.\u00a0<\/p>\n<p>ANZEIGE<\/p>\n<p>Die schwedische Prinzessin heiratete er im Juni 2013, war dadurch pl\u00f6tzlich mit einer anderen Welt konfrontiert. Den Prinzentitel lehnte er damals jedoch ab. Auf die Frage, ob er dies heute bereue, sagt er klar: &#8222;Nein.&#8220; Ob sich aber seither seine Schwedischkenntnisse verbessert haben? &#8222;Ich verstehe sch\u00e4tzungsweise 40 bis 50 Prozent einer normalen Unterhaltung&#8220;, verr\u00e4t er. Dank mehrerer schwedischer Kinderm\u00e4dchen und wohl vor allem dank seiner Frau, die mit den Kindern Schwedisch spreche.\u00a0<\/p>\n","protected":false},"excerpt":{"rendered":"&#8222;Ohne sie w\u00e4re ich nicht derselbe&#8220; Ungewohnt offen: Chris O&#8217;Neill schw\u00e4rmt von Ehefrau Madeleine Antonia Benzvon Antonia Benz&hellip;\n","protected":false},"author":2,"featured_media":639754,"comment_status":"","ping_status":"","sticky":false,"template":"","format":"standard","meta":{"footnotes":""},"categories":[155],"tags":[29,214,30,215],"class_list":{"0":"post-639753","1":"post","2":"type-post","3":"status-publish","4":"format-standard","5":"has-post-thumbnail","7":"category-unterhaltung","8":"tag-deutschland","9":"tag-entertainment","10":"tag-germany","11":"tag-unterhaltung"},"share_on_mastodon":{"url":"https:\/\/pubeurope.com\/@de\/115702356933448176","error":""},"_links":{"self":[{"href":"https:\/\/www.europesays.com\/de\/wp-json\/wp\/v2\/posts\/639753","targetHints":{"allow":["GET"]}}],"collection":[{"href":"https:\/\/www.europesays.com\/de\/wp-json\/wp\/v2\/posts"}],"about":[{"href":"https:\/\/www.europesays.com\/de\/wp-json\/wp\/v2\/types\/post"}],"author":[{"embeddable":true,"href":"https:\/\/www.europesays.com\/de\/wp-json\/wp\/v2\/users\/2"}],"replies":[{"embeddable":true,"href":"https:\/\/www.europesays.com\/de\/wp-json\/wp\/v2\/comments?post=639753"}],"version-history":[{"count":0,"href":"https:\/\/www.europesays.com\/de\/wp-json\/wp\/v2\/posts\/639753\/revisions"}],"wp:featuredmedia":[{"embeddable":true,"href":"https:\/\/www.europesays.com\/de\/wp-json\/wp\/v2\/media\/639754"}],"wp:attachment":[{"href":"https:\/\/www.europesays.com\/de\/wp-json\/wp\/v2\/media?parent=639753"}],"wp:term":[{"taxonomy":"category","embeddable":true,"href":"https:\/\/www.europesays.com\/de\/wp-json\/wp\/v2\/categories?post=639753"},{"taxonomy":"post_tag","embeddable":true,"href":"https:\/\/www.europesays.com\/de\/wp-json\/wp\/v2\/tags?post=639753"}],"curies":[{"name":"wp","href":"https:\/\/api.w.org\/{rel}","templated":true}]}}