{"id":639755,"date":"2025-12-11T18:29:16","date_gmt":"2025-12-11T18:29:16","guid":{"rendered":"https:\/\/www.europesays.com\/de\/639755\/"},"modified":"2025-12-11T18:29:16","modified_gmt":"2025-12-11T18:29:16","slug":"anlagenmechanikerin-hkls-haustechnikerin","status":"publish","type":"post","link":"https:\/\/www.europesays.com\/de\/639755\/","title":{"rendered":"Anlagenmechaniker*in HKLS | Haustechniker*in"},"content":{"rendered":"<p>                  Stellenangebot vom 11. Dezember 2025\n                <\/p>\n<p>Das Max-Planck-Institut f\u00fcr Gravitationsphysik (Albert-Einstein-Institut) besch\u00e4ftigt rund 400 internationale Wissenschaftler*innen, technische und administrative Mitarbeitende und Studierende. Es ist das gr\u00f6\u00dfte Forschungsinstitut der Welt, das sich auf Einsteins Erbe spezialisiert hat: die allgemeine Relativit\u00e4tstheorie und dar\u00fcber hinaus.<\/p>\n<p>Am Standort Hannover suchen wir in unbefristeter Anstellung eine*n<\/p>\n<p><strong>Anlagenmechaniker*in HKLS | Haustechniker*in.<\/strong><\/p>\n<p>Ihre Aufgaben umfassen<\/p>\n<ul>\n<li>Betrieb und Instandhaltung der technischen Geb\u00e4udesysteme im Bereich L\u00fcftung, Sanit\u00e4r, Heizung und Klima<\/li>\n<li>Kleine Erweiterungen der Gesamtanlagen Sanit\u00e4r und Heizung<\/li>\n<li>Betreuen von Fremdfirmen bei Wartungs- und Reparaturarbeiten<\/li>\n<li>Pr\u00fcfen und F\u00fchren von Fehler-, Pr\u00fcf-, Wartungs- und Inspektionsberichten<\/li>\n<li>Durchf\u00fchrung notwendiger Arbeiten in den Bereichen des Instituts<\/li>\n<\/ul>\n<p>Sie bringen mit<\/p>\n<ul>\n<li>Eine abgeschlossene Berufsausbildung als Anlagenmechaniker\/in (Heizung \/ Klima \/ L\u00fcftung \/ Sanit\u00e4r) oder vergleichbare Qualifikation<\/li>\n<li>Erfahrungen im technischen Geb\u00e4udemanagement und Grundkenntnisse in GLT und MSR sind w\u00fcnschenswert<\/li>\n<li>Eine Kundenorientierte, selbstst\u00e4ndige, strukturierte und l\u00f6sungsorientierte Arbeitsweise<\/li>\n<li>Eine Affinit\u00e4t zu EDV-Systemen<\/li>\n<li>Teamf\u00e4higkeit<\/li>\n<li>Grundkenntnisse in Englisch<\/li>\n<\/ul>\n<p>Unser Angebot<\/p>\n<p>Wir bieten Ihnen eine vielseitige T\u00e4tigkeit in einem international gepr\u00e4gten Arbeitsumfeld, umfangreiche Fort- und Weiterbildungsm\u00f6glichkeiten sowie ein hervorragendes Arbeitsklima in einem freundlichen, engagierten und kollegialen Team.<\/p>\n<p>Das Entgelt und die Sozialleistungen richten sich entsprechend der Qualifikation nach dem Tarifvertrag des \u00f6ffentlichen Dienstes (TV\u00f6D). Die Verg\u00fctung erfolgt, abh\u00e4ngig von der Qualifikation und Berufserfahrung, bis zur Entgeltgruppe 8 des TV\u00f6D-Bund.<\/p>\n<p>Wir wertsch\u00e4tzen Vielfalt und begr\u00fc\u00dfen daher alle Bewerbungen \u2013 unabh\u00e4ngig von Geschlecht, Nationalit\u00e4t, Hautfarbe, Herkunft, Religion und Weltanschauung, Alter, sexueller Orientierung und Identit\u00e4t. Die Max-Planck-Gesellschaft hat sich zum Ziel gesetzt, mehr schwerbehinderte Menschen zu besch\u00e4ftigen. Bewerbungen schwerbehinderter Menschen sind ausdr\u00fccklich erw\u00fcnscht. Weitere Informationen \u00fcber unser Institut finden Sie im Internet unter <a class=\"external\" href=\"https:\/\/www.aei.mpg.de\/2772\/de\" target=\"_blank\" rel=\"noopener\">www.aei.mpg.de<\/a>.<\/p>\n<p>Weitere Informationen \u00fcber unser Institut finden Sie im Internet unter <a class=\"external\" href=\"https:\/\/www.aei.mpg.de\" target=\"_blank\" rel=\"noopener\">www.aei.mpg.de<\/a>. F\u00fcr R\u00fcckfragen steht Ihnen die stellvertretende Verwaltungsleitung, Isabel Gerland gerne zu Verf\u00fcgung: <a class=\"email_icon\" href=\"https:\/\/www.mpg.de\/25870842\/javascript:void(location.href=\" mailto:=\"\" target=\"_blank\" rel=\"noopener\">isabel.gerland@aei.mpg.de<\/a><\/p>\n<p>Ihre Bewerbung<\/p>\n<p>Haben wir Ihr Interesse geweckt? Dann freuen wir uns auf Ihre vollst\u00e4ndige Bewerbung (Anschreiben, Lebenslauf, Zeugnisse u.a. Nachweise) ohne Lichtbild, die Sie bitte in einem einzigen PDF-Dokument b\u00fcndeln und ausschlie\u00dflich \u00fcber unser Online-Bewerbungsportal einreichen:<\/p>\n<p><a class=\"external\" href=\"https:\/\/jobs.aei.mpg.de\/241\/anlagenmechaniker-in-hkls-haustechniker-in\/apply\" target=\"_blank\" rel=\"noopener\">Anlagenmechaniker*in HKLS | Haustechniker*in <\/a><\/p>\n<p>Bewerbungsschluss ist der <strong>01.02.2026<\/strong>. Wir beginnen direkt nach Ablauf der Frist mit dem Auswahlprozess, ermutigen jedoch auch sp\u00e4tere Bewerbungen, da wir die Stelle offen lassen, bis sie besetzt ist.<\/p>\n<p>Bitte beachten Sie die <a class=\"external\" href=\"https:\/\/www.aei.mpg.de\/515605\/datenschutzhinweise\" target=\"_blank\" rel=\"noopener\">Datenschutzbestimmungen<\/a><\/p>\n","protected":false},"excerpt":{"rendered":"Stellenangebot vom 11. Dezember 2025 Das Max-Planck-Institut f\u00fcr Gravitationsphysik (Albert-Einstein-Institut) besch\u00e4ftigt rund 400 internationale Wissenschaftler*innen, technische und administrative&hellip;\n","protected":false},"author":2,"featured_media":639756,"comment_status":"","ping_status":"","sticky":false,"template":"","format":"standard","meta":{"footnotes":""},"categories":[135],"tags":[150782,29,30,190,189,194,191,193,192],"class_list":{"0":"post-639755","1":"post","2":"type-post","3":"status-publish","4":"format-standard","5":"has-post-thumbnail","7":"category-wissenschaft-technik","8":"tag-anlagenmechaniker","9":"tag-deutschland","10":"tag-germany","11":"tag-science","12":"tag-science-technology","13":"tag-technik","14":"tag-technology","15":"tag-wissenschaft","16":"tag-wissenschaft-technik"},"share_on_mastodon":{"url":"https:\/\/pubeurope.com\/@de\/115702357415861253","error":""},"_links":{"self":[{"href":"https:\/\/www.europesays.com\/de\/wp-json\/wp\/v2\/posts\/639755","targetHints":{"allow":["GET"]}}],"collection":[{"href":"https:\/\/www.europesays.com\/de\/wp-json\/wp\/v2\/posts"}],"about":[{"href":"https:\/\/www.europesays.com\/de\/wp-json\/wp\/v2\/types\/post"}],"author":[{"embeddable":true,"href":"https:\/\/www.europesays.com\/de\/wp-json\/wp\/v2\/users\/2"}],"replies":[{"embeddable":true,"href":"https:\/\/www.europesays.com\/de\/wp-json\/wp\/v2\/comments?post=639755"}],"version-history":[{"count":0,"href":"https:\/\/www.europesays.com\/de\/wp-json\/wp\/v2\/posts\/639755\/revisions"}],"wp:featuredmedia":[{"embeddable":true,"href":"https:\/\/www.europesays.com\/de\/wp-json\/wp\/v2\/media\/639756"}],"wp:attachment":[{"href":"https:\/\/www.europesays.com\/de\/wp-json\/wp\/v2\/media?parent=639755"}],"wp:term":[{"taxonomy":"category","embeddable":true,"href":"https:\/\/www.europesays.com\/de\/wp-json\/wp\/v2\/categories?post=639755"},{"taxonomy":"post_tag","embeddable":true,"href":"https:\/\/www.europesays.com\/de\/wp-json\/wp\/v2\/tags?post=639755"}],"curies":[{"name":"wp","href":"https:\/\/api.w.org\/{rel}","templated":true}]}}