{"id":639763,"date":"2025-12-11T18:34:20","date_gmt":"2025-12-11T18:34:20","guid":{"rendered":"https:\/\/www.europesays.com\/de\/639763\/"},"modified":"2025-12-11T18:34:20","modified_gmt":"2025-12-11T18:34:20","slug":"michelle-gisin-muss-sofort-operiert-werden-ski-alpin","status":"publish","type":"post","link":"https:\/\/www.europesays.com\/de\/639763\/","title":{"rendered":"Michelle Gisin muss sofort operiert werden &#8211; Ski Alpin"},"content":{"rendered":"<p><img decoding=\"async\" src=\"https:\/\/www.europesays.com\/de\/wp-content\/uploads\/2025\/12\/michele-gisin-beim-training-in-st-moritz-am-donnerstag-wenige-sekunden-vor-ihrem-verhaengnisvollen-s.jpeg\"   alt=\"Michele Gisin beim Training in St. Moritz am Donnerstag \u2013 wenige Sekunden vor ihrem verh\u00e4ngnisvollen Sturz. \u00a9 APA\/afp \/ FABRICE COFFRINI\"\/><\/p>\n<p class=\"imagedescription\">Michele Gisin beim Training in St. Moritz am Donnerstag \u2013 wenige Sekunden vor ihrem verh\u00e4ngnisvollen Sturz. \u00a9 APA\/afp \/ FABRICE COFFRINI<\/p>\n<p>Die am Donnerstag in St. Moritz im Training schwer gest\u00fcrzte Michelle Gisin wird noch am selben Abend operiert. Der Grund: Eine Verletzung an der Halswirbels\u00e4ule.<\/p>\n<p class=\"article-date\">11. Dezember 2025<\/p>\n<p class=\"article-date\">Von: cst<\/p>\n<p>Schlimme Szenen spielten sich beim Abfahrtstraining der Frauen am Donnerstag in St. Moritz ab. Michelle Gisin kam bei hoher Geschwindigkeit zu Sturz und krachte mit voller Wucht in die Fangnetze. Das Training war lange unterbrochen, die  <a href=\"https:\/\/www.sportnews.bz\/artikel\/wintersport\/ski-alpin\/helikoptereinsatz-bangen-um-ski-olympiasiegerin\" target=\"_blank\" class=\"external-link-new-window\" title=\"\" rel=\"noopener\">Schweizerin wurde mit dem Rettungshubschrauber in das Krankenhaus gebracht.<\/a><\/p>\n<p>Nach einer Untersuchung im \u00f6rtlichen Krankenhaus wurde Gisin nach Z\u00fcrich \u00fcberstellt, wo in der Klinik Hirslanden weitere Checks durchgef\u00fchrt wurden. Das Ergebnis: Gisin wird noch am Donnerstagabend operiert.<\/p>\n<p>Gisin an der Halswirbels\u00e4ule verletztZwar hat sich die 32-J\u00e4hrige am linken Knie und am rechten Handgelenk verletzt, doch diese Blessuren sind zweitranging. Denn Gisin hat sich zudem eine Verletzung an der Halswirbels\u00e4ule zugezogen, wie Swiss Ski mitteilte. Genaue Diagnosen zu den weiteren Verletzungen k\u00f6nnen erst nach der Stabilisierung der Halswirbels\u00e4ule erfolgen, hei\u00dft es in der Pressemitteilung weiter. Gisin gehe es den Umst\u00e4nden entsprechend gut und k\u00f6nne Arme und Beine bewegen, so der Schweizer Skiverband.<br \/><a data-caption=\"Michelle Gisin wurde mit dem Rettungshubschrauber abtransportiert. \u00a9 ANSA \/ JEAN-CHRISTOPHE BOTT\" data-fancybox=\"inline-291837\" target=\"_image\" href=\"https:\/\/s3-images.sportnews.bz\/_images\/scale\/1280x1280\/img\/2025\/12\/michelle-gisin-wurde-mit-dem-rettungshubschrauber-abtransportiert.jpg\" rel=\"noopener\"><img decoding=\"async\" alt=\"Michelle Gisin wurde mit dem Rettungshubschrauber abtransportiert. \u00a9 ANSA \/ JEAN-CHRISTOPHE BOTT\" class=\"uk-img-preserve\" src=\"https:\/\/www.europesays.com\/de\/wp-content\/uploads\/2025\/12\/michelle-gisin-wurde-mit-dem-rettungshubschrauber-abtransportiert.jpg\"\/><\/a><\/p>\n<p class=\"imagedescription uk-text-center uk-margin-remove-top\">Michelle Gisin wurde mit dem Rettungshubschrauber abtransportiert. \u00a9 ANSA \/ JEAN-CHRISTOPHE BOTT<\/p>\n<p>F\u00fcr das Schweizer Frauen-Skiteam ist die schwere Verletzung eine weitere Hiobsbotschaft. Mit Lara Gut-Behrami (Kreuzbandriss) und Corinne Suter (Muskelfaserriss) fallen zwei Stars bereits lange aus. Suter war ebenfalls in St. Moritz gest\u00fcrzt, allerdings bereits vor einer Woche und nicht bei einem offiziellen Abfahrtstraining.  <\/p>\n","protected":false},"excerpt":{"rendered":"Michele Gisin beim Training in St. Moritz am Donnerstag \u2013 wenige Sekunden vor ihrem verh\u00e4ngnisvollen Sturz. \u00a9 APA\/afp&hellip;\n","protected":false},"author":2,"featured_media":639764,"comment_status":"","ping_status":"","sticky":false,"template":"","format":"standard","meta":{"footnotes":""},"categories":[5],"tags":[13,14,15,12,10,8,9,11],"class_list":{"0":"post-639763","1":"post","2":"type-post","3":"status-publish","4":"format-standard","5":"has-post-thumbnail","7":"category-nachrichten","8":"tag-headlines","9":"tag-nachrichten","10":"tag-news","11":"tag-schlagzeilen","12":"tag-top-news","13":"tag-top-meldungen","14":"tag-topmeldungen","15":"tag-topnews"},"share_on_mastodon":{"url":"https:\/\/pubeurope.com\/@de\/115702378755028282","error":""},"_links":{"self":[{"href":"https:\/\/www.europesays.com\/de\/wp-json\/wp\/v2\/posts\/639763","targetHints":{"allow":["GET"]}}],"collection":[{"href":"https:\/\/www.europesays.com\/de\/wp-json\/wp\/v2\/posts"}],"about":[{"href":"https:\/\/www.europesays.com\/de\/wp-json\/wp\/v2\/types\/post"}],"author":[{"embeddable":true,"href":"https:\/\/www.europesays.com\/de\/wp-json\/wp\/v2\/users\/2"}],"replies":[{"embeddable":true,"href":"https:\/\/www.europesays.com\/de\/wp-json\/wp\/v2\/comments?post=639763"}],"version-history":[{"count":0,"href":"https:\/\/www.europesays.com\/de\/wp-json\/wp\/v2\/posts\/639763\/revisions"}],"wp:featuredmedia":[{"embeddable":true,"href":"https:\/\/www.europesays.com\/de\/wp-json\/wp\/v2\/media\/639764"}],"wp:attachment":[{"href":"https:\/\/www.europesays.com\/de\/wp-json\/wp\/v2\/media?parent=639763"}],"wp:term":[{"taxonomy":"category","embeddable":true,"href":"https:\/\/www.europesays.com\/de\/wp-json\/wp\/v2\/categories?post=639763"},{"taxonomy":"post_tag","embeddable":true,"href":"https:\/\/www.europesays.com\/de\/wp-json\/wp\/v2\/tags?post=639763"}],"curies":[{"name":"wp","href":"https:\/\/api.w.org\/{rel}","templated":true}]}}