{"id":639771,"date":"2025-12-11T18:38:17","date_gmt":"2025-12-11T18:38:17","guid":{"rendered":"https:\/\/www.europesays.com\/de\/639771\/"},"modified":"2025-12-11T18:38:17","modified_gmt":"2025-12-11T18:38:17","slug":"stadt-frankenberg-sagt-ja-zur-kita-windraedchen-eltern-petition-zeigt-wirkung","status":"publish","type":"post","link":"https:\/\/www.europesays.com\/de\/639771\/","title":{"rendered":"Stadt Frankenberg sagt Ja zur Kita Windr\u00e4dchen \u2013 Eltern-Petition zeigt Wirkung"},"content":{"rendered":"<p>Am 10. Dezember hat der Stadtrat der Stadt <a href=\"https:\/\/www.blick.de\/thema\/ort\/frankenberg\" title=\"Nachrichten f\u00fcr den Ort: Frankenberg\" class=\"internal-article-link\" data-ct=\"ENTITY\/LOCATION\/FRANKENBERG\" rel=\"nofollow noopener\" target=\"_blank\">Frankenberg<\/a> eine Entscheidung zur Petition mit dem Titel \u201eWir, die Eltern der Kinder der KiTa Windr\u00e4dchen in M\u00fchlbach, fordern den Erhalt unserer Kindertagesst\u00e4tte\u201c getroffen. Das Gremium stimmte mit 15 Ja-Stimmen daf\u00fcr, der Petition abzuhelfen.<\/p>\n<p>\n        Stadtrat folgt Eltern-Petition\n    <\/p>\n<p>Die <a href=\"https:\/\/www.blick.de\/thema\/organisation\/stadtverwaltung\" title=\"Nachrichten zu: Stadtverwaltung\" class=\"internal-article-link\" data-ct=\"ENTITY\/ORGANISATION\/STADTVERWALTUNG\" rel=\"nofollow noopener\" target=\"_blank\">Stadtverwaltung<\/a> wurde beauftragt, gemeinsam mit dem Stadtrat und der Arbeitsgruppe \u201eKita\u201c nach L\u00f6sungen zu suchen, um den Weiterbetrieb der Kita Windr\u00e4dchen sicherzustellen. Zudem soll ein zukunftsf\u00e4higes Gesamtkonzept f\u00fcr alle Kindertagesst\u00e4tten in der Stadt erarbeitet werden.<\/p>\n<p>\n        Petition mit \u00fcber 1.200 Unterst\u00fctzern\n    <\/p>\n<p>Die Petition wurde von Felix Wellmann initiiert und von \u00fcber 1.200 B\u00fcrgerinnen und B\u00fcrgern unterzeichnet \u2013 darunter mehr als 700 aus Frankenberg.<\/p>\n<p>In der Petition wird unter anderem ausgef\u00fchrt, dass eine Schlie\u00dfung nicht nur den Verlust eines Betreuungsplatzes, sondern auch das Verschwinden eines lebendigen Dorfzentrums bedeuten w\u00fcrde.<\/p>\n<p>Die Unterst\u00fctzer fordern, die Einrichtung zumindest so lange zu erhalten, bis alle aktuell betreuten Kinder ihre Kita-Zeit im Windr\u00e4dchen abschlie\u00dfen k\u00f6nnen.<\/p>\n<p>\n        Hintergrund: R\u00fcckl\u00e4ufige Anmeldezahlen und demografische Entwicklung\n    <\/p>\n<p>Die Stadt Frankenberg verzeichnet seit Jahren sinkende Geburtenzahlen. Laut Stand vom Oktober 2025 wurden die j\u00e4hrlichen Geburtenzahlen von \u00fcber 100 auf aktuell rund 55 Kinder halbiert. <\/p>\n<p>Dies wirkt sich auf die Auslastung der Kindertagesst\u00e4tten aus: Derzeit stehen 233 Krippen- und 502 Kindergartenpl\u00e4tze zur Verf\u00fcgung, von denen viele ungenutzt bleiben.<\/p>\n<p>Nach aktuellen Prognosen k\u00f6nnte der \u00dcberhang bis zum Schuljahr 2030\/31 auf 126 Krippen- und 279 Kindergartenpl\u00e4tze steigen.<\/p>\n<p>\n        Kita Windr\u00e4dchen besonders betroffen\n    <\/p>\n<p>F\u00fcr die Kita Windr\u00e4dchen im Ortsteil M\u00fchlbach lagen f\u00fcr das Kita-Jahr 2026\/27 bis zum 30. Oktober 2025 nur zwei Krippenanmeldungen vor. F\u00fcr einen regul\u00e4ren Gruppenbetrieb sind jedoch mindestens f\u00fcnf bis zehn Anmeldungen erforderlich.<\/p>\n<p>Laut B\u00fcrgermeister Oliver Gerstner ist ein Fortbestand des Standorts unter diesen Bedingungen in der aktuellen Form nicht umsetzbar. Die finale Entscheidung \u00fcber den Fortbestand der Kita ist f\u00fcr Ende 2025 vorgesehen. Im Fall einer Schlie\u00dfung w\u00fcrde diese zum Schuljahresbeginn erfolgen.<\/p>\n<p>\t<a href=\"https:\/\/www.blick.de\/mittelsachsen\/geburtenknick-droht-einer-kita-aus-frankenberg-das-aus-entscheidung-faellt-ende-2025-artikel14010941\" title=\"Geburtenknick: Droht einer Kita aus Frankenberg das Aus? Entscheidung f\u00e4llt Ende 2025\" class=\"teaser teaser--side-by-side-desktop-larger\" data-ct=\"&quot;ARTICLE\/ADDITIONAL-LINK\/TEASER-1&quot;\" rel=\"nofollow noopener\" target=\"_blank\"><\/p>\n<p>\t\t\t\t\t\t\t        \t\t\t\t<img decoding=\"async\" class=\"media-image teaser__img\" loading=\"lazy\" src=\"https:\/\/www.europesays.com\/de\/wp-content\/uploads\/2025\/12\/17498329_W360C2040x1360o0x0.jpg\" alt=\"Geburtenknick: Droht einer Kita aus Frankenberg das Aus? Entscheidung f\u00e4llt Ende 2025 - Weniger Kinder, leere Gruppen: Eine Kommune \u00fcberdenkt ihre Kita-Strukturen. Ein Standort steht besonders im Fokus.\"   style=\"&#10;&#9;&#9;&#9;aspect-ratio:2040\/1360;&#10;&#9;&#9;&#9;background: url(data:image\/jpg;base64,\/9j\/4AAQSkZJRgABAQEBLAEsAAD\/2wBDAAUDBAQEAwUEBAQFBQUGBwwIBwcHBw8LCwkMEQ8SEhEPERETFhwXExQaFRERGCEYGh0dHx8fExciJCIeJBweHx7\/2wBDAQUFBQcGBw4ICA4eFBEUHh4eHh4eHh4eHh4eHh4eHh4eHh4eHh4eHh4eHh4eHh4eHh4eHh4eHh4eHh4eHh4eHh7\/wAARCAAHAAoDAREAAhEBAxEB\/8QAFQABAQAAAAAAAAAAAAAAAAAABQb\/xAAhEAABAwQBBQAAAAAAAAAAAAABAgMEBQYREgATFEFhcf\/EABcBAAMBAAAAAAAAAAAAAAAAAAMEBQb\/xAAhEQACAgECBwAAAAAAAAAAAAABAgMRAARBITFRgbHh8f\/aAAwDAQACEQMRAD8ARt5+T2lKto2vvET04dRfVPCVFaiApaE5IwNh9J8Y4NYopKIva+\/zG11UrBmUggAkcNhXrIG5S7TrjqdPjRVliLLdZbKnBnVKyBn3gcnSxsJGrrmm02qDQoW50PGf\/9k=) no-repeat left top; background-size: cover;&#9;&#9;&#9;width: 100%;&#9;&#9;\"\/><\/p>\n<p>\t\t\t\t\t\tGeburtenknick: Droht einer Kita aus Frankenberg das Aus? Entscheidung f\u00e4llt Ende 2025<\/p>\n<p class=\"teaser__text\">Soziales Weniger Kinder, leere Pl\u00e4tze &#8211; Demografischer Wandel zwingt Stadt zur Neuausrichtung der Kinderbetreuung mit eventuellen Schlie\u00dfungen<\/p>\n<p>\t<\/a><\/p>\n","protected":false},"excerpt":{"rendered":"Am 10. Dezember hat der Stadtrat der Stadt Frankenberg eine Entscheidung zur Petition mit dem Titel \u201eWir, die&hellip;\n","protected":false},"author":2,"featured_media":639772,"comment_status":"","ping_status":"","sticky":false,"template":"","format":"standard","meta":{"footnotes":""},"categories":[1851],"tags":[2770,3364,29,548,663,3934,30,13,2839,14,15,859,12],"class_list":{"0":"post-639771","1":"post","2":"type-post","3":"status-publish","4":"format-standard","5":"has-post-thumbnail","7":"category-chemnitz","8":"tag-chemnitz","9":"tag-de","10":"tag-deutschland","11":"tag-eu","12":"tag-europa","13":"tag-europe","14":"tag-germany","15":"tag-headlines","16":"tag-kommunalpolitik","17":"tag-nachrichten","18":"tag-news","19":"tag-sachsen","20":"tag-schlagzeilen"},"share_on_mastodon":{"url":"https:\/\/pubeurope.com\/@de\/115702393652202303","error":""},"_links":{"self":[{"href":"https:\/\/www.europesays.com\/de\/wp-json\/wp\/v2\/posts\/639771","targetHints":{"allow":["GET"]}}],"collection":[{"href":"https:\/\/www.europesays.com\/de\/wp-json\/wp\/v2\/posts"}],"about":[{"href":"https:\/\/www.europesays.com\/de\/wp-json\/wp\/v2\/types\/post"}],"author":[{"embeddable":true,"href":"https:\/\/www.europesays.com\/de\/wp-json\/wp\/v2\/users\/2"}],"replies":[{"embeddable":true,"href":"https:\/\/www.europesays.com\/de\/wp-json\/wp\/v2\/comments?post=639771"}],"version-history":[{"count":0,"href":"https:\/\/www.europesays.com\/de\/wp-json\/wp\/v2\/posts\/639771\/revisions"}],"wp:featuredmedia":[{"embeddable":true,"href":"https:\/\/www.europesays.com\/de\/wp-json\/wp\/v2\/media\/639772"}],"wp:attachment":[{"href":"https:\/\/www.europesays.com\/de\/wp-json\/wp\/v2\/media?parent=639771"}],"wp:term":[{"taxonomy":"category","embeddable":true,"href":"https:\/\/www.europesays.com\/de\/wp-json\/wp\/v2\/categories?post=639771"},{"taxonomy":"post_tag","embeddable":true,"href":"https:\/\/www.europesays.com\/de\/wp-json\/wp\/v2\/tags?post=639771"}],"curies":[{"name":"wp","href":"https:\/\/api.w.org\/{rel}","templated":true}]}}