{"id":639779,"date":"2025-12-11T18:42:16","date_gmt":"2025-12-11T18:42:16","guid":{"rendered":"https:\/\/www.europesays.com\/de\/639779\/"},"modified":"2025-12-11T18:42:16","modified_gmt":"2025-12-11T18:42:16","slug":"wiesbaden-oeffentlichkeitsbeteiligung-zur-moeglichen-entwicklung-einer-stadt-app","status":"publish","type":"post","link":"https:\/\/www.europesays.com\/de\/639779\/","title":{"rendered":"Wiesbaden: \u00d6ffentlichkeitsbeteiligung zur m\u00f6glichen Entwicklung einer Stadt-App"},"content":{"rendered":"<p>            <a href=\"https:\/\/www.rheinmainverlag.de\/wp-content\/uploads\/2025\/01\/Pixabay.jpg\" data-caption=\"Symbolfoto Smartphone (Foto: Pixabay)&#010;&#010;\" target=\"_blank\" rel=\"noopener\"><img loading=\"lazy\" decoding=\"async\" width=\"696\" height=\"464\" class=\"entry-thumb td-modal-image\" src=\"data:image\/svg+xml,%3Csvg%20xmlns=\" http:=\"\" data-lazy- data-lazy- alt=\"\" title=\"Handy Smartphone rmv\" data-lazy-src=\"https:\/\/www.europesays.com\/de\/wp-content\/uploads\/2025\/12\/Pixabay-696x464.jpg\"\/><\/a>Symbolfoto Smartphone (Foto: Pixabay)<\/p>\n<p>Die Landeshauptstadt Wiesbaden pr\u00fcft derzeit, ob eine zentrale Stadt-App entwickelt werden soll und startet dazu eine erste \u00d6ffentlichkeitsbeteiligung.<\/p>\n<p>\u00dcber eine Online-Umfrage und einen Workshop k\u00f6nnen B\u00fcrgerinnen und B\u00fcrger mitteilen, welche digitalen Funktionen sie im Alltag ben\u00f6tigen und wie eine nutzerfreundliche App gestaltet sein sollte. M\u00f6gliche Inhalte reichen von Informationen zu st\u00e4dtischen Dienstleistungen \u00fcber Terminbuchungen f\u00fcr B\u00fcrgerservices bis hin zu digitalen Freizeitkarten und vielem mehr.<\/p>\n<p>Die R\u00fcckmeldungen flie\u00dfen in ein Entwicklungskonzept ein, das die Stadt im ersten Quartal 2026 bewerten will. Bis zum zweiten Quartal 2026 soll entschieden werden, ob und in welchem Umfang eine Stadt-App umgesetzt wird.<\/p>\n<p>Die Online-Befragung l\u00e4uft bis Montag, 12. Januar, unter <a href=\"http:\/\/wiesbadenwirkt.de\/stadt-app\" target=\"_blank\" rel=\"noopener\">wiesbadenwirkt.de\/stadt-app<\/a>.<\/p>\n<p>Zus\u00e4tzlich findet Mittwoch, 17. Dezember, von 10 bis 12 Uhr ein Workshop im Zukunftswerk Luisenforum statt, bei dem B\u00fcrgerinnen und B\u00fcrger ihre Ideen und Bed\u00fcrfnisse f\u00fcr eine Stadt-App einbringen k\u00f6nnen. Um eine Anmeldung unter folgendem Link wird gebeten: <a href=\"https:\/\/anny.eu\/book\/zusammen-smart\" target=\"_blank\" rel=\"noopener\">https:\/\/anny.eu\/book\/zusammen-smart<\/a>.<\/p>\n<p>Die Dezernentin f\u00fcr Smart City, Europa und Ordnung Maral Koohestanian betont: \u201eMir ist besonders wichtig, die zuk\u00fcnftigen Nutzerinnen und Nutzer, also die B\u00fcrgerinnen und B\u00fcrger Wiesbadens, fr\u00fch in digitale Vorhaben einzubeziehen. Nur so entstehen digitale L\u00f6sungen, die im Alltag wirklich helfen und wir damit unserem Auftrag gerecht werden.\u201c<\/p>\n<p>(Text: PM Landeshauptstadt Wiesbaden)<\/p>\n<p><a href=\"https:\/\/www.rheinmainverlag.de\/author\/ahessberger\/\" target=\"_blank\" rel=\"noopener\"><img loading=\"lazy\" decoding=\"async\" src=\"data:image\/svg+xml,%3Csvg%20xmlns=\" http:=\"\" width=\"200\" height=\"200\" alt=\"\" itemprop=\"image\" data-lazy-src=\"https:\/\/www.europesays.com\/de\/wp-content\/uploads\/2025\/04\/Katja_Hessberger.jpg\"\/><\/a><\/p>\n<p>\u2026 erschlie\u00dft sich ihre Welt, indem sie viel Zeit in der Natur verbringt. Bei langen Fahrradtouren und sch\u00f6ne Wanderungen tankt sie Kraft. Lokale Themen sind ihre Welt. Sowohl in den Printprodukten als auch online informiert sie am liebsten \u00fcber Polizeiberichte, Tiergeschichten und Umweltthemen. Absolute Lieblingsbesch\u00e4ftigung in der Adventszeit: Pl\u00e4tzchen backen.<br \/>Mag: Tiere | Backen | Lokale Geschichten<\/p>\n<p>Set your Author Custom HTML Tab Content on your <a href=\"https:\/\/www.rheinmainverlag.de\/wp-admin\/profile.php#sabox-custom-job-title\" target=\"_blank\" class=\"clickable\" rel=\"noopener\">Profile page<\/a><\/p>\n","protected":false},"excerpt":{"rendered":"Symbolfoto Smartphone (Foto: Pixabay) Die Landeshauptstadt Wiesbaden pr\u00fcft derzeit, ob eine zentrale Stadt-App entwickelt werden soll und startet&hellip;\n","protected":false},"author":2,"featured_media":639780,"comment_status":"","ping_status":"","sticky":false,"template":"","format":"standard","meta":{"footnotes":""},"categories":[1847],"tags":[3364,29,548,663,3934,30,13,2052,14,15,12,4544],"class_list":{"0":"post-639779","1":"post","2":"type-post","3":"status-publish","4":"format-standard","5":"has-post-thumbnail","7":"category-wiesbaden","8":"tag-de","9":"tag-deutschland","10":"tag-eu","11":"tag-europa","12":"tag-europe","13":"tag-germany","14":"tag-headlines","15":"tag-hessen","16":"tag-nachrichten","17":"tag-news","18":"tag-schlagzeilen","19":"tag-wiesbaden"},"share_on_mastodon":{"url":"https:\/\/pubeurope.com\/@de\/115702408333534819","error":""},"_links":{"self":[{"href":"https:\/\/www.europesays.com\/de\/wp-json\/wp\/v2\/posts\/639779","targetHints":{"allow":["GET"]}}],"collection":[{"href":"https:\/\/www.europesays.com\/de\/wp-json\/wp\/v2\/posts"}],"about":[{"href":"https:\/\/www.europesays.com\/de\/wp-json\/wp\/v2\/types\/post"}],"author":[{"embeddable":true,"href":"https:\/\/www.europesays.com\/de\/wp-json\/wp\/v2\/users\/2"}],"replies":[{"embeddable":true,"href":"https:\/\/www.europesays.com\/de\/wp-json\/wp\/v2\/comments?post=639779"}],"version-history":[{"count":0,"href":"https:\/\/www.europesays.com\/de\/wp-json\/wp\/v2\/posts\/639779\/revisions"}],"wp:featuredmedia":[{"embeddable":true,"href":"https:\/\/www.europesays.com\/de\/wp-json\/wp\/v2\/media\/639780"}],"wp:attachment":[{"href":"https:\/\/www.europesays.com\/de\/wp-json\/wp\/v2\/media?parent=639779"}],"wp:term":[{"taxonomy":"category","embeddable":true,"href":"https:\/\/www.europesays.com\/de\/wp-json\/wp\/v2\/categories?post=639779"},{"taxonomy":"post_tag","embeddable":true,"href":"https:\/\/www.europesays.com\/de\/wp-json\/wp\/v2\/tags?post=639779"}],"curies":[{"name":"wp","href":"https:\/\/api.w.org\/{rel}","templated":true}]}}