{"id":639781,"date":"2025-12-11T18:43:14","date_gmt":"2025-12-11T18:43:14","guid":{"rendered":"https:\/\/www.europesays.com\/de\/639781\/"},"modified":"2025-12-11T18:43:14","modified_gmt":"2025-12-11T18:43:14","slug":"zahl-der-angriffe-in-augsburg-steigt","status":"publish","type":"post","link":"https:\/\/www.europesays.com\/de\/639781\/","title":{"rendered":"Zahl der Angriffe in Augsburg steigt"},"content":{"rendered":"<p class=\"mb-6 text-xs md:text-m lg:text-l font-serif group-[.font-sans]:font-sans \">\n    Freitagabend, 19.30 Uhr, l\u00e4ngst ist die Dunkelheit \u00fcber <a href=\"https:\/\/www.augsburger-allgemeine.de\/augsburg\/ort\/kriegshaber\" target=\"_self\" class=\"underline \" rel=\"noopener\">Kriegshaber<\/a> hereingebrochen. In der Ulmer Stra\u00dfe sind zwei M\u00e4nner auf dem Gehweg unterwegs, als sich pl\u00f6tzlich von hinten ein Mann n\u00e4hert. Auf seinem Kopf hat er eine schwarze M\u00fctze, am Oberk\u00f6rper eine schwarze Jacke \u2013 und in der Hand ein Messer. Der Mann sticht auf offener Stra\u00dfe zu, offenbar ohne jeden Anlass. Er hinterl\u00e4sst sein Opfer, einen 49-J\u00e4hrigen, schwer verletzt. Es ist ein Fall, der die Augsburger Polizei vor R\u00e4tsel stellt und doch in eine Entwicklung zu passen scheint. Denn die Zahl der Messerangriffe, die die Polizei in Augsburg registriert, hat zuletzt ein auff\u00e4llig hohes Niveau erreicht.\n  <\/p>\n<ul data-module-id=\"DragDropModule\" class=\"flex flex-wrap justify-start group-[.no-bookmarks]:hidden\">\n<li class=\"mb-3 mr-3\">\n    Max Kramer<\/p>\n<p>      Icon Haken im Kreis gesetzt<\/p>\n<p>      Icon Plus im Kreis<\/p>\n<\/li>\n<li class=\"mb-3 mr-3\">\n    86156 Kriegshaber<\/p>\n<p>      Icon Haken im Kreis gesetzt<\/p>\n<p>      Icon Plus im Kreis<\/p>\n<\/li>\n<li class=\"mb-3 mr-3\">\n    Messerangriff<\/p>\n<p>      Icon Haken im Kreis gesetzt<\/p>\n<p>      Icon Plus im Kreis<\/p>\n<\/li>\n<\/ul>\n","protected":false},"excerpt":{"rendered":"Freitagabend, 19.30 Uhr, l\u00e4ngst ist die Dunkelheit \u00fcber Kriegshaber hereingebrochen. In der Ulmer Stra\u00dfe sind zwei M\u00e4nner auf&hellip;\n","protected":false},"author":2,"featured_media":639782,"comment_status":"","ping_status":"","sticky":false,"template":"","format":"standard","meta":{"footnotes":""},"categories":[1846],"tags":[680,772,7833,3364,29,548,663,3934,30,13,145256,983,2841,14,15,3728,121,12,137674,150785,150784],"class_list":{"0":"post-639781","1":"post","2":"type-post","3":"status-publish","4":"format-standard","5":"has-post-thumbnail","7":"category-augsburg","8":"tag-augsburg","9":"tag-bayern","10":"tag-bluttat","11":"tag-de","12":"tag-deutschland","13":"tag-eu","14":"tag-europa","15":"tag-europe","16":"tag-germany","17":"tag-headlines","18":"tag-kriegshaber","19":"tag-kripo","20":"tag-messerangriff","21":"tag-nachrichten","22":"tag-news","23":"tag-oberhausen","24":"tag-polizei","25":"tag-schlagzeilen","26":"tag-stadtbergen","27":"tag-stefan-foerch","28":"tag-ulmer-strasse"},"share_on_mastodon":{"url":"","error":""},"_links":{"self":[{"href":"https:\/\/www.europesays.com\/de\/wp-json\/wp\/v2\/posts\/639781","targetHints":{"allow":["GET"]}}],"collection":[{"href":"https:\/\/www.europesays.com\/de\/wp-json\/wp\/v2\/posts"}],"about":[{"href":"https:\/\/www.europesays.com\/de\/wp-json\/wp\/v2\/types\/post"}],"author":[{"embeddable":true,"href":"https:\/\/www.europesays.com\/de\/wp-json\/wp\/v2\/users\/2"}],"replies":[{"embeddable":true,"href":"https:\/\/www.europesays.com\/de\/wp-json\/wp\/v2\/comments?post=639781"}],"version-history":[{"count":0,"href":"https:\/\/www.europesays.com\/de\/wp-json\/wp\/v2\/posts\/639781\/revisions"}],"wp:featuredmedia":[{"embeddable":true,"href":"https:\/\/www.europesays.com\/de\/wp-json\/wp\/v2\/media\/639782"}],"wp:attachment":[{"href":"https:\/\/www.europesays.com\/de\/wp-json\/wp\/v2\/media?parent=639781"}],"wp:term":[{"taxonomy":"category","embeddable":true,"href":"https:\/\/www.europesays.com\/de\/wp-json\/wp\/v2\/categories?post=639781"},{"taxonomy":"post_tag","embeddable":true,"href":"https:\/\/www.europesays.com\/de\/wp-json\/wp\/v2\/tags?post=639781"}],"curies":[{"name":"wp","href":"https:\/\/api.w.org\/{rel}","templated":true}]}}