{"id":639787,"date":"2025-12-11T18:46:31","date_gmt":"2025-12-11T18:46:31","guid":{"rendered":"https:\/\/www.europesays.com\/de\/639787\/"},"modified":"2025-12-11T18:46:31","modified_gmt":"2025-12-11T18:46:31","slug":"vertrauenskrise-in-karlsruhe-das-bundesverfassungsgericht-braucht-dringend-einen-neustart","status":"publish","type":"post","link":"https:\/\/www.europesays.com\/de\/639787\/","title":{"rendered":"Vertrauenskrise in Karlsruhe &#8211; Das Bundesverfassungsgericht braucht dringend einen Neustart"},"content":{"rendered":"<p>Immer weniger B\u00fcrger haben Vertrauen in das Bundesverfassungsgericht. Das zeigt eine aktuelle Allensbach-Umfrage. Danach haben 63 Prozent aller B\u00fcrger sehr viel oder ziemlich viel Vertrauen in das Gericht. Das klingt nach viel Vertrauen, gerade auch, wenn man es mit den Werten anderer staatlicher Institutionen vergleicht. Dem Bundestag etwa vertrauen nur 36 Prozent. Noch schlechter sind die Werte f\u00fcr die Bundesregierung mit 28 Prozent und f\u00fcr die Medien mit 22 Prozent. Trotzdem m\u00fcssten die aktuellen Werte die Richter in Karlsruhe sehr erschrecken. Denn 2021 betrug der Vertrauenswert noch 81 Prozent. In vier Jahren von 81 auf 63 Prozent \u2013 das ist ein Absturz. Wo liegen die Gr\u00fcnde daf\u00fcr?<\/p>\n","protected":false},"excerpt":{"rendered":"Immer weniger B\u00fcrger haben Vertrauen in das Bundesverfassungsgericht. Das zeigt eine aktuelle Allensbach-Umfrage. Danach haben 63 Prozent aller&hellip;\n","protected":false},"author":2,"featured_media":639788,"comment_status":"","ping_status":"","sticky":false,"template":"","format":"standard","meta":{"footnotes":""},"categories":[1844],"tags":[1634,5441,3821,3364,29,30,8903],"class_list":{"0":"post-639787","1":"post","2":"type-post","3":"status-publish","4":"format-standard","5":"has-post-thumbnail","7":"category-karlsruhe","8":"tag-baden-wuerttemberg","9":"tag-bundesverfassungsgericht","10":"tag-corona","11":"tag-de","12":"tag-deutschland","13":"tag-germany","14":"tag-karlsruhe"},"share_on_mastodon":{"url":"https:\/\/pubeurope.com\/@de\/115702424286836989","error":""},"_links":{"self":[{"href":"https:\/\/www.europesays.com\/de\/wp-json\/wp\/v2\/posts\/639787","targetHints":{"allow":["GET"]}}],"collection":[{"href":"https:\/\/www.europesays.com\/de\/wp-json\/wp\/v2\/posts"}],"about":[{"href":"https:\/\/www.europesays.com\/de\/wp-json\/wp\/v2\/types\/post"}],"author":[{"embeddable":true,"href":"https:\/\/www.europesays.com\/de\/wp-json\/wp\/v2\/users\/2"}],"replies":[{"embeddable":true,"href":"https:\/\/www.europesays.com\/de\/wp-json\/wp\/v2\/comments?post=639787"}],"version-history":[{"count":0,"href":"https:\/\/www.europesays.com\/de\/wp-json\/wp\/v2\/posts\/639787\/revisions"}],"wp:featuredmedia":[{"embeddable":true,"href":"https:\/\/www.europesays.com\/de\/wp-json\/wp\/v2\/media\/639788"}],"wp:attachment":[{"href":"https:\/\/www.europesays.com\/de\/wp-json\/wp\/v2\/media?parent=639787"}],"wp:term":[{"taxonomy":"category","embeddable":true,"href":"https:\/\/www.europesays.com\/de\/wp-json\/wp\/v2\/categories?post=639787"},{"taxonomy":"post_tag","embeddable":true,"href":"https:\/\/www.europesays.com\/de\/wp-json\/wp\/v2\/tags?post=639787"}],"curies":[{"name":"wp","href":"https:\/\/api.w.org\/{rel}","templated":true}]}}