{"id":639802,"date":"2025-12-11T18:55:35","date_gmt":"2025-12-11T18:55:35","guid":{"rendered":"https:\/\/www.europesays.com\/de\/639802\/"},"modified":"2025-12-11T18:55:35","modified_gmt":"2025-12-11T18:55:35","slug":"martin-janicki-und-elmar-boek-uebernehmen-mutter-wittig-2","status":"publish","type":"post","link":"https:\/\/www.europesays.com\/de\/639802\/","title":{"rendered":"Martin Janicki und Elmar B\u00f6k \u00fcbernehmen \u201eMutter Wittig\u201c"},"content":{"rendered":"<p>\t\tFunktion\u00e4re um Martin Janicki und Elmar B\u00f6k \u00fcbernehmen Traditionslokal<br \/>\n\t\t\t\t\t\u201eViele Emotionen\u201c<\/p>\n<p>\t\t<img fetchpriority=\"high\" alt=\"\" src=\"https:\/\/www.europesays.com\/de\/wp-content\/uploads\/2025\/12\/630_0036_1197466_.jpg\"  class=\"avatar avatar-36 photo avatar-default\" height=\"36\" width=\"36\" loading=\"eager\" decoding=\"async\"\/>\t\t<a class=\"article-author__name\" href=\"https:\/\/www.ruhrnachrichten.de\/author\/janis-czymoch\/\" rel=\"author noopener\" target=\"_blank\">Janis Czymoch<\/a><br \/>\n\t\tRedakteur<\/p>\n<p>    <a href=\"https:\/\/www.ruhrnachrichten.de\/wp-content\/uploads\/2025\/12\/11\/13\/630_0900_5463979_-1648x824.jpg\" target=\"_blank\" rel=\"noopener\"><\/p>\n<p>            <img loading=\"lazy\" decoding=\"async\" src=\"https:\/\/www.europesays.com\/de\/wp-content\/uploads\/2025\/12\/630_0900_5464123_-640x420.jpg\" width=\"640\" height=\"420\"  alt=\"\"\/><\/p>\n<p>    <\/a><br \/>\n    Marcel Gerresheim, Elmar B\u00f6k und Martin Janicki (v.l.n.r.) \u00fcbernehmen ein Traditionslokal in Bochum. \u00a9 Collage: Katja Wehrland<\/p>\n<p class=\"article__teaser-text\">Ein in der Region traditionsreiches Lokal hat drei neue P\u00e4chter: die Westfalenliga-Funktion\u00e4re aus Castrop-Rauxel und Herne stemmen ein spannendes Projekt.<\/p>\n<p>3 Min Lesezeit<\/p>\n<p>VfL Bochum verbindet die FreundeHorsthausen-Funktion\u00e4r mit pers\u00f6nlicher Verbindung zur Stadt BochumElmar B\u00f6k spricht \u00fcber die emotionale Komponente<\/p>\n","protected":false},"excerpt":{"rendered":"Funktion\u00e4re um Martin Janicki und Elmar B\u00f6k \u00fcbernehmen Traditionslokal \u201eViele Emotionen\u201c Janis Czymoch Redakteur Marcel Gerresheim, Elmar B\u00f6k&hellip;\n","protected":false},"author":2,"featured_media":639651,"comment_status":"","ping_status":"","sticky":false,"template":"","format":"standard","meta":{"footnotes":""},"categories":[1839],"tags":[5580,7507,3364,29,30,1209,25625],"class_list":{"0":"post-639802","1":"post","2":"type-post","3":"status-publish","4":"format-standard","5":"has-post-thumbnail","7":"category-bochum","8":"tag-amateurfussball","9":"tag-bochum","10":"tag-de","11":"tag-deutschland","12":"tag-germany","13":"tag-nordrhein-westfalen","14":"tag-westfalenliga"},"share_on_mastodon":{"url":"https:\/\/pubeurope.com\/@de\/115702459712981530","error":""},"_links":{"self":[{"href":"https:\/\/www.europesays.com\/de\/wp-json\/wp\/v2\/posts\/639802","targetHints":{"allow":["GET"]}}],"collection":[{"href":"https:\/\/www.europesays.com\/de\/wp-json\/wp\/v2\/posts"}],"about":[{"href":"https:\/\/www.europesays.com\/de\/wp-json\/wp\/v2\/types\/post"}],"author":[{"embeddable":true,"href":"https:\/\/www.europesays.com\/de\/wp-json\/wp\/v2\/users\/2"}],"replies":[{"embeddable":true,"href":"https:\/\/www.europesays.com\/de\/wp-json\/wp\/v2\/comments?post=639802"}],"version-history":[{"count":0,"href":"https:\/\/www.europesays.com\/de\/wp-json\/wp\/v2\/posts\/639802\/revisions"}],"wp:featuredmedia":[{"embeddable":true,"href":"https:\/\/www.europesays.com\/de\/wp-json\/wp\/v2\/media\/639651"}],"wp:attachment":[{"href":"https:\/\/www.europesays.com\/de\/wp-json\/wp\/v2\/media?parent=639802"}],"wp:term":[{"taxonomy":"category","embeddable":true,"href":"https:\/\/www.europesays.com\/de\/wp-json\/wp\/v2\/categories?post=639802"},{"taxonomy":"post_tag","embeddable":true,"href":"https:\/\/www.europesays.com\/de\/wp-json\/wp\/v2\/tags?post=639802"}],"curies":[{"name":"wp","href":"https:\/\/api.w.org\/{rel}","templated":true}]}}