{"id":63983,"date":"2025-04-26T23:25:10","date_gmt":"2025-04-26T23:25:10","guid":{"rendered":"https:\/\/www.europesays.com\/de\/63983\/"},"modified":"2025-04-26T23:25:10","modified_gmt":"2025-04-26T23:25:10","slug":"ausgerechnet-weigl-omlin-und-kleindienst-gladbachs-bosse-schenken-kiel-den-sieg-sport","status":"publish","type":"post","link":"https:\/\/www.europesays.com\/de\/63983\/","title":{"rendered":"Ausgerechnet Weigl, Omlin und Kleindienst: Gladbachs Bosse schenken Kiel den Sieg! | Sport"},"content":{"rendered":"<p><b>Vollversagen auf der F\u00fchrungsetage!<\/b><\/p>\n<p><a href=\"https:\/\/www.bild.de\/sport\/fussball\/borussia-moenchengladbach\/startseite-borussia-moenchengladbach-31074418.bild.html\" class=\"text-link\" target=\"_blank\" rel=\"noopener\">Gladbach<\/a> verliert 3:4 bei Holstein Kiel, kann sich Europa praktisch abschminken, w\u00e4hrend die St\u00f6rche wieder auf den Relegationsrang hoffen d\u00fcrfen.<\/p>\n<p>Schon die erste Halbzeit ist aus VfL-Sicht ein komplettes Desaster. <b>Und dann patzen ausgerechnet die drei F\u00fchrungsspieler Julian Weigl (29\/Vize-Kapit\u00e4n), Jonas Omlin (31\/Kapit\u00e4n) und zum Schluss auch noch Nationalst\u00fcrmer und Kabinen-Chef Tim Kleindienst (29) folgenschwer.<\/b><\/p>\n<p>Der Reihe nach. Der \u00fcberragende Japaner Shuto Machino (BAMS-Note 1) sorgt in der 15. Minute f\u00fcr die F\u00fchrung der Holsteiner, nickt einen Eckball ein, w\u00e4hrend Rocco Reitz neben ihm schl\u00e4ft. Das 2:0 durch Alexander Bernhardsson (23.) legt Fohlen-Verteidiger Fabio Chiarodia mit einem Katastrophen-R\u00fcckpass auf. <\/p>\n<p>Kiel h\u00e4tte vor der Pause sogar noch h\u00f6her f\u00fchren m\u00fcssen, doch Omlin pariert mehrfach \u00fcberragend &#8211; wie auf Kieler Seite auch Thomas D\u00e4hne, der in der 43. Minute einen Kopfball von Robin Hack gigantisch an die Latte lenkt.<\/p>\n<p>Bei 7-Tore-Wahnsinn: Erkennen sie DIESE Torjubel-Geste?<a href=\"https:\/\/www.bild.de\/sport\/fussball\/bei-7-tore-wahnsinn-erkennen-sie-diese-torjubel-geste-6808ce48d40b10440c23d6a7\" class=\"anchor\" target=\"_blank\" rel=\"noopener\"><img decoding=\"async\" width=\"992\" height=\"558\" alt=\"Teaser-Bild\" src=\"https:\/\/www.europesays.com\/de\/wp-content\/uploads\/2025\/04\/2440a2bf7eeffa1f9111a1a9442a5380-landscape,3d418d88\"   class=\"landscape teaser__image\" loading=\"lazy\"\/><\/a><\/p>\n<p>Quelle: Bild26.04.2025<\/p>\n<p>Dann kommt Gladbach zur\u00fcck, gleicht aus dem Nichts durch Tomas Cvancara (60.) und Alassane Plea (69.) aus. Vor dem 3:2 durch Armin Gigovic (76.) verliert dann aber Weigl v\u00f6llig unn\u00f6tig die Kugel im Mittelfeld. Und Omlin MUSS den Fernschuss nat\u00fcrlich auch halten! <b>Der Keeper selbstkritisch zur BamS: \u201eSehr bitter. Es sind viele Ups und Downs in dieser Saison, das ist wirklich schwer zu verarbeiten.\u201c <\/b><\/p>\n<p>Doch der Wahnsinn geht noch weiter. Der eingewechselte Franck Honorat (86.) gleicht wieder aus, doch dann k\u00f6pft Kleindienst in der Nachspielzeit beim Kl\u00e4rungsversuch kl\u00e4glich zu Machino &#8211; der bedankt sich mit dem Siegtor!<\/p>\n<p>Lesen Sie auch<\/p>\n<p>Gerardo Seoane (46) stinksauer: \u201eWir haben extrem schlecht verteidigt\u201c Und er gibt zu: \u201eIn den entscheidenden Phasen h\u00e4tte ich mir schon gew\u00fcnscht, dass unsere erfahrenen Spieler Ruhe reinbringen.\u201c Das Gegenteil war der Fall!<\/p>\n<p><b>Kiel-Coach Marcel Rapp feiert: \u201eMeine Jungs haben nie aufgegeben. Wir spielen absolut nicht wie ein Tabellenschlusslicht.\u201c Das \u201eschaffte\u201c an diesem Samstag allein Gladbach!<\/b><\/p>\n","protected":false},"excerpt":{"rendered":"Vollversagen auf der F\u00fchrungsetage! Gladbach verliert 3:4 bei Holstein Kiel, kann sich Europa praktisch abschminken, w\u00e4hrend die St\u00f6rche&hellip;\n","protected":false},"author":2,"featured_media":63984,"comment_status":"","ping_status":"","sticky":false,"template":"","format":"standard","meta":{"footnotes":""},"categories":[1852],"tags":[815,3364,29,548,663,3934,30,13,15046,4949,18029,14,15,28796,12,1971,817,819,45,17964],"class_list":{"0":"post-63983","1":"post","2":"type-post","3":"status-publish","4":"format-standard","5":"has-post-thumbnail","7":"category-kiel","8":"tag-borussia-moenchengladbach","9":"tag-de","10":"tag-deutschland","11":"tag-eu","12":"tag-europa","13":"tag-europe","14":"tag-germany","15":"tag-headlines","16":"tag-hornung-christian","17":"tag-kiel","18":"tag-kleindienst-tim","19":"tag-nachrichten","20":"tag-news","21":"tag-omlin-jonas","22":"tag-schlagzeilen","23":"tag-schleswig-holstein","24":"tag-seoane-gerardo","25":"tag-sport-leuchtturm-essen","26":"tag-texttospeech","27":"tag-weigl-julian"},"share_on_mastodon":{"url":"https:\/\/pubeurope.com\/@de\/114406852117091816","error":""},"_links":{"self":[{"href":"https:\/\/www.europesays.com\/de\/wp-json\/wp\/v2\/posts\/63983","targetHints":{"allow":["GET"]}}],"collection":[{"href":"https:\/\/www.europesays.com\/de\/wp-json\/wp\/v2\/posts"}],"about":[{"href":"https:\/\/www.europesays.com\/de\/wp-json\/wp\/v2\/types\/post"}],"author":[{"embeddable":true,"href":"https:\/\/www.europesays.com\/de\/wp-json\/wp\/v2\/users\/2"}],"replies":[{"embeddable":true,"href":"https:\/\/www.europesays.com\/de\/wp-json\/wp\/v2\/comments?post=63983"}],"version-history":[{"count":0,"href":"https:\/\/www.europesays.com\/de\/wp-json\/wp\/v2\/posts\/63983\/revisions"}],"wp:featuredmedia":[{"embeddable":true,"href":"https:\/\/www.europesays.com\/de\/wp-json\/wp\/v2\/media\/63984"}],"wp:attachment":[{"href":"https:\/\/www.europesays.com\/de\/wp-json\/wp\/v2\/media?parent=63983"}],"wp:term":[{"taxonomy":"category","embeddable":true,"href":"https:\/\/www.europesays.com\/de\/wp-json\/wp\/v2\/categories?post=63983"},{"taxonomy":"post_tag","embeddable":true,"href":"https:\/\/www.europesays.com\/de\/wp-json\/wp\/v2\/tags?post=63983"}],"curies":[{"name":"wp","href":"https:\/\/api.w.org\/{rel}","templated":true}]}}