{"id":639875,"date":"2025-12-11T19:42:16","date_gmt":"2025-12-11T19:42:16","guid":{"rendered":"https:\/\/www.europesays.com\/de\/639875\/"},"modified":"2025-12-11T19:42:16","modified_gmt":"2025-12-11T19:42:16","slug":"berlin-brandenburg-senatorin-elsenbruecke-wird-ende-januar-eroeffnet","status":"publish","type":"post","link":"https:\/\/www.europesays.com\/de\/639875\/","title":{"rendered":"Berlin &#038; Brandenburg: Senatorin: Elsenbr\u00fccke wird Ende Januar er\u00f6ffnet"},"content":{"rendered":"<p>Berlin &amp; BrandenburgSenatorin: Elsenbr\u00fccke wird Ende Januar er\u00f6ffnet<img decoding=\"async\" class=\"Image_img__fQCi0 Image_Img_16_9__4BLfH\" loading=\"eager\" fetchpriority=\"high\" src=\"https:\/\/www.europesays.com\/de\/wp-content\/uploads\/2025\/12\/Der-westliche-Teil-der-Elsenbruecke-soll-Ende-Januar-fertig-sein.webp.webp\" alt=\"Der-westliche-Teil-der-Elsenbruecke-soll-Ende-Januar-fertig-sein\"\/>TeilenFolgen auf:<a href=\"https:\/\/www.whatsapp.com\/channel\/0029Va5cdVJD8SDp5YZgYF01\" title=\"Auf WhatsApp folgen\" target=\"_blank\" rel=\"noopener\"><img decoding=\"async\" src=\"https:\/\/www.n-tv.de\/socialIcons\/whatsapp.svg\" alt=\"whatsapp\" class=\"ArticleShare_icon__FsrC2\"\/><\/a><a href=\"https:\/\/news.google.com\/publications\/CAAiEPMdif5mpRNxiLOeUpHCwwsqFAgKIhDzHYn-ZqUTcYiznlKRwsML?hl=de&amp;gl=DE&amp;ceid=DE%3Ade\" title=\"Auf Google News folgen\" target=\"_blank\" rel=\"noopener\"><img decoding=\"async\" src=\"https:\/\/www.n-tv.de\/socialIcons\/google.svg\" alt=\"whatsapp\" class=\"ArticleShare_icon__FsrC2\"\/><\/a><\/p>\n<p class=\"Typography_text-m__XI0da Typography_weight-bold__uT6mq storyline_lead_text_leadtext__q_wg8\">F\u00fcr Autofahrer und Anwohner rund um die Elsenbr\u00fccke in Treptow zeichnet sich eine erste Entlastung ab. Nach wochenlanger Verz\u00f6gerung soll Ende Januar der westliche Teil der Br\u00fccke fertig sein.<\/p>\n<p class=\"Typography_text-default__P3otY Typography_weight-normal__pqUbH storyline_paragraph_p__qSR5N\">Berlin (dpa\/bb) &#8211; Eine erste Entlastung f\u00fcr Autofahrer und Anwohner rund um die Elsenbr\u00fccke zeichnet sich ab: Ende Januar soll der westliche Teil der im Bau befindlichen Br\u00fccke \u00fcber die Spree fertig sein, sagte Verkehrssenatorin Ute Bonde (CDU) in der RBB-Abendschau. Dann soll jeweils ein weiterer Fahrstreifen in jede Richtung f\u00fcr den Verkehr zur Verf\u00fcgung stehen.<\/p>\n<p class=\"Typography_text-default__P3otY Typography_weight-normal__pqUbH storyline_paragraph_p__qSR5N\">&#8222;Es wird schon zu einer erheblichen Erleichterung f\u00fchren, wenn wir jetzt zwei Spuren in jede Richtung haben werden&#8220;, betonte Bonde. Eine dritte Spur in jede Richtung soll demnach im Sommer kommen, &#8222;so dass es da dann eine wesentliche Entlastung geben wird&#8220;.<\/p>\n<p class=\"Typography_text-default__P3otY Typography_weight-normal__pqUbH storyline_paragraph_p__qSR5N\">Infolge der Er\u00f6ffnung des 16. Bau-Abschnitts der Stadtautobahn A100 hatte sich die Verkehrslage rund um die Br\u00fccke in den vergangenen Monaten stark versch\u00e4rft. Auch Anwohnerinnen und Anwohner leiden aufgrund des hohen Verkehrsaufkommens unter der Situation.<\/p>\n<p class=\"Typography_text-default__P3otY Typography_weight-normal__pqUbH storyline_paragraph_p__qSR5N\">Urspr\u00fcnglich sollten Br\u00fccke und Autobahn-Abschnitt gemeinsam er\u00f6ffnet werden. Die Arbeiten an der Br\u00fccke hatten sich aber verz\u00f6gert. Aktuell wird der Verkehr \u00fcber eine Behelfsbr\u00fccke gef\u00fchrt.<\/p>\n<p class=\"Typography_text-s__wu_cm Typography_weight-normal__pqUbH Typography_color-darkgrey__sZEnP article-detail-footer_source__KslPc\">Quelle: dpa<\/p>\n","protected":false},"excerpt":{"rendered":"Berlin &amp; BrandenburgSenatorin: Elsenbr\u00fccke wird Ende Januar er\u00f6ffnetTeilenFolgen auf: F\u00fcr Autofahrer und Anwohner rund um die Elsenbr\u00fccke in&hellip;\n","protected":false},"author":2,"featured_media":639876,"comment_status":"","ping_status":"","sticky":false,"template":"","format":"standard","meta":{"footnotes":""},"categories":[1816],"tags":[1960,1958,1959,1957,1956,1890,29,30],"class_list":{"0":"post-639875","1":"post","2":"type-post","3":"status-publish","4":"format-standard","5":"has-post-thumbnail","7":"category-brandenburg","8":"tag-aktuelle-nachrichten-aus-berlin-und-brandenburg","9":"tag-aktuelle-nachrichten-aus-brandenburg","10":"tag-aktuelle-news-aus-berlin-und-brandenburg","11":"tag-aktuelle-news-aus-brandenburg","12":"tag-berlin-und-brandenburg","13":"tag-brandenburg","14":"tag-deutschland","15":"tag-germany"},"share_on_mastodon":{"url":"https:\/\/pubeurope.com\/@de\/115702644804841362","error":""},"_links":{"self":[{"href":"https:\/\/www.europesays.com\/de\/wp-json\/wp\/v2\/posts\/639875","targetHints":{"allow":["GET"]}}],"collection":[{"href":"https:\/\/www.europesays.com\/de\/wp-json\/wp\/v2\/posts"}],"about":[{"href":"https:\/\/www.europesays.com\/de\/wp-json\/wp\/v2\/types\/post"}],"author":[{"embeddable":true,"href":"https:\/\/www.europesays.com\/de\/wp-json\/wp\/v2\/users\/2"}],"replies":[{"embeddable":true,"href":"https:\/\/www.europesays.com\/de\/wp-json\/wp\/v2\/comments?post=639875"}],"version-history":[{"count":0,"href":"https:\/\/www.europesays.com\/de\/wp-json\/wp\/v2\/posts\/639875\/revisions"}],"wp:featuredmedia":[{"embeddable":true,"href":"https:\/\/www.europesays.com\/de\/wp-json\/wp\/v2\/media\/639876"}],"wp:attachment":[{"href":"https:\/\/www.europesays.com\/de\/wp-json\/wp\/v2\/media?parent=639875"}],"wp:term":[{"taxonomy":"category","embeddable":true,"href":"https:\/\/www.europesays.com\/de\/wp-json\/wp\/v2\/categories?post=639875"},{"taxonomy":"post_tag","embeddable":true,"href":"https:\/\/www.europesays.com\/de\/wp-json\/wp\/v2\/tags?post=639875"}],"curies":[{"name":"wp","href":"https:\/\/api.w.org\/{rel}","templated":true}]}}