{"id":639881,"date":"2025-12-11T19:45:32","date_gmt":"2025-12-11T19:45:32","guid":{"rendered":"https:\/\/www.europesays.com\/de\/639881\/"},"modified":"2025-12-11T19:45:32","modified_gmt":"2025-12-11T19:45:32","slug":"lollapalooza-berlin-2026-pitbull-lewis-capaldi-und-lorde-sind-dabei","status":"publish","type":"post","link":"https:\/\/www.europesays.com\/de\/639881\/","title":{"rendered":"Lollapalooza Berlin 2026: Pitbull, Lewis Capaldi und Lorde sind dabei"},"content":{"rendered":"<p>Als Headliner wurde der US\u2013Rapper Pitbull (44) verk\u00fcndet. Er machte sich mit Songs wie \u00abI Know You Want Me\u00bb, \u00abGive Me Everything\u00bb und \u00abTimber\u00bb weltweit einen Namen. Des Weiteren wird der schottische Singer\u2013Songwriter Lewis Capaldi (29) in Berlin erwartet. Der Musiker feierte diesen Sommer sein Comeback beim Glastonbury Festival nach zweij\u00e4hrigem R\u00fcckzug. Als internationale Acts wurden zudem die neuseel\u00e4ndische Singer\u2013Songwriterin Lorde, US\u2013S\u00e4nger Teddy Swims, die britische Pops\u00e4ngerin Lily Allen und der schwedische Popstar Zara Larsson bekanntgegeben.<\/p>\n","protected":false},"excerpt":{"rendered":"Als Headliner wurde der US\u2013Rapper Pitbull (44) verk\u00fcndet. Er machte sich mit Songs wie \u00abI Know You Want&hellip;\n","protected":false},"author":2,"featured_media":639882,"comment_status":"","ping_status":"","sticky":false,"template":"","format":"standard","meta":{"footnotes":""},"categories":[1825],"tags":[296,29,30,71525,130537,70971,19674],"class_list":{"0":"post-639881","1":"post","2":"type-post","3":"status-publish","4":"format-standard","5":"has-post-thumbnail","7":"category-berlin","8":"tag-berlin","9":"tag-deutschland","10":"tag-germany","11":"tag-lewis-capaldi","12":"tag-lily-allen","13":"tag-lorde","14":"tag-pitbull"},"share_on_mastodon":{"url":"https:\/\/pubeurope.com\/@de\/115702656202311112","error":""},"_links":{"self":[{"href":"https:\/\/www.europesays.com\/de\/wp-json\/wp\/v2\/posts\/639881","targetHints":{"allow":["GET"]}}],"collection":[{"href":"https:\/\/www.europesays.com\/de\/wp-json\/wp\/v2\/posts"}],"about":[{"href":"https:\/\/www.europesays.com\/de\/wp-json\/wp\/v2\/types\/post"}],"author":[{"embeddable":true,"href":"https:\/\/www.europesays.com\/de\/wp-json\/wp\/v2\/users\/2"}],"replies":[{"embeddable":true,"href":"https:\/\/www.europesays.com\/de\/wp-json\/wp\/v2\/comments?post=639881"}],"version-history":[{"count":0,"href":"https:\/\/www.europesays.com\/de\/wp-json\/wp\/v2\/posts\/639881\/revisions"}],"wp:featuredmedia":[{"embeddable":true,"href":"https:\/\/www.europesays.com\/de\/wp-json\/wp\/v2\/media\/639882"}],"wp:attachment":[{"href":"https:\/\/www.europesays.com\/de\/wp-json\/wp\/v2\/media?parent=639881"}],"wp:term":[{"taxonomy":"category","embeddable":true,"href":"https:\/\/www.europesays.com\/de\/wp-json\/wp\/v2\/categories?post=639881"},{"taxonomy":"post_tag","embeddable":true,"href":"https:\/\/www.europesays.com\/de\/wp-json\/wp\/v2\/tags?post=639881"}],"curies":[{"name":"wp","href":"https:\/\/api.w.org\/{rel}","templated":true}]}}