{"id":639887,"date":"2025-12-11T19:48:24","date_gmt":"2025-12-11T19:48:24","guid":{"rendered":"https:\/\/www.europesays.com\/de\/639887\/"},"modified":"2025-12-11T19:48:24","modified_gmt":"2025-12-11T19:48:24","slug":"schauspieler-plant-karriereende-und-ueberrascht-mit-plaenen","status":"publish","type":"post","link":"https:\/\/www.europesays.com\/de\/639887\/","title":{"rendered":"Schauspieler plant Karriereende und \u00fcberrascht mit Pl\u00e4nen"},"content":{"rendered":"<p><img decoding=\"async\" class=\"watson-snippet__image bg-grey-10 block h-auto w-full \" src=\"https:\/\/www.europesays.com\/de\/wp-content\/uploads\/2025\/12\/7094295306401498.webp\" fetchpriority=\"high\" width=\"1333\" height=\"821\" alt=\"HOLLYWOOD, CALIFORNIA - MARCH 12: Idris Elba attends the 95th Annual Academy Awards on March 12, 2023 in Hollywood, California. (Photo by Arturo Holmes\/Getty Images )\" data-image-id=\"7094295306401498\"\/><\/p>\n<p>Idris Elba spielte in den gr\u00f6\u00dften Blockbustern mit.Bild:  Arturo Holmes\/Getty Images<\/p>\n<p>Stars<\/p>\n<p>Von Idris Elba wurden auch in diesem Jahr wieder mehrere Filmprojekte ver\u00f6ffentlicht. Damit soll allerdings bald Schluss sein.<\/p>\n<p><img decoding=\"async\" class=\"h-auto w-14 rounded-full\" src=\"https:\/\/www.europesays.com\/de\/wp-content\/uploads\/2025\/07\/2087825566335088.webp\" alt=\"Imke Gerriets\" width=\"50\" height=\"50\" loading=\"lazy\"\/><\/p>\n<p>Folgen<\/p>\n<p class=\"watson-snippet__text my-6 text-[16px] lg:text-[18px] leading-normal md:w-3\/5\">Erst im Oktober dieses Jahres wurde der Netflix-Film &#8222;A House of Dynamite&#8220; zum Streamen bereitgestellt. Idris Elba spielt in dem Thriller den Pr\u00e4sidenten der USA. Gezeigt werden in verschiedenen Akten die letzten 19 Minuten, bevor es zum Einschlag einer Interkontinentalrakete kommt.<\/p>\n<p class=\"watson-snippet__text my-6 text-[16px] lg:text-[18px] leading-normal md:w-3\/5\">\u00dcber die Jahre spielte er unter anderem auch in &#8222;28 Weeks Later&#8220;, &#8222;Avengers: Age of Ultron&#8220;  oder &#8222;Thor: Tag der Entscheidung&#8220; mit. Immer wieder gab es Ger\u00fcchte, er k\u00f6nnte sogar der neue James Bond werden.<\/p>\n<p class=\"watson-snippet__text my-6 text-[16px] lg:text-[18px] leading-normal md:w-3\/5\"><strong>Nun spricht Idris Elba \u00fcber seine Zukunft als Schauspieler und gibt im Zuge dessen bekannt, dass er sich zur\u00fcckziehen m\u00f6chte.<\/strong><\/p>\n<p>Idris Elba teilt seine Zukunftspl\u00e4ne<\/p>\n<p class=\"watson-snippet__text my-6 text-[16px] lg:text-[18px] leading-normal md:w-3\/5\">Idris Elba spielte mit seinen Filmen insgesamt \u00fcber 9,8 Milliarden US-Dollar weltweit ein. Die &#8222;<a target=\"_blank\" rel=\"nofollow noopener\" href=\"https:\/\/www.dailymail.co.uk\/tvshowbiz\/article-15372463\/Idris-Elba-retire-acting-Red-Sea-International-Film-Festival.html\" class=\"\">Daily Mail<\/a>&#8220; berichtet, dass er trotzdem plant, sich von der Schauspielerei abzuwenden.<strong> Seine Pl\u00e4ne verk\u00fcndet er w\u00e4hrend des Internationalen Filmfestivals in Saudi-Arabien. <\/strong><\/p>\n<p class=\"watson-snippet__text my-6 text-[16px] lg:text-[18px] leading-normal md:w-3\/5\">Mit Blick auf seine Zukunftspl\u00e4ne gibt er sogar an, dass er vielleicht eine Weiterbildung in Erw\u00e4gung ziehe, da er sich in der Gegenwart von Politikern wie ein Hochstapler f\u00fchle. <\/p>\n<p class=\"watson-snippet__text my-6 text-[16px] lg:text-[18px] leading-normal md:w-3\/5\">Dazu stellt er fest: &#8222;Ich m\u00f6chte kein Politiker werden, aber ich denke, es hat einen gewissen Reiz, mich weiterzubilden, um besser zu verstehen, wie man Dinge ver\u00e4ndern kann.&#8220;<\/p>\n<p class=\"watson-snippet__text my-6 text-[16px] lg:text-[18px] leading-normal md:w-3\/5\">Zudem betont der 53-J\u00e4hrige: &#8222;Ich habe mich in Arenen mit Staatsoberh\u00e4uptern und Ministern wiedergefunden, die \u00fcber Dinge sprachen, die weit \u00fcber meine Kompetenzen hinausgingen.&#8220; <\/p>\n<p class=\"watson-snippet__text my-6 text-[16px] lg:text-[18px] leading-normal md:w-3\/5\"><strong>Das Filmfestival besucht der Schauspieler, um seinen neuen Kurzfilm &#8222;Dust To Dreams&#8220; zu promoten. <\/strong><\/p>\n<p class=\"watson-snippet__text my-6 text-[16px] lg:text-[18px] leading-normal md:w-3\/5\">Jetzt die neue Folge &#8222;Touchdown &amp; Tacheles \u2013 der NFL-Podcast von watson&#8220; h\u00f6ren und tolle Preise gewinnen.<\/p>\n<p>Idris Elba m\u00f6chte irgendwann nur noch Regisseur sein<\/p>\n<p class=\"watson-snippet__text my-6 text-[16px] lg:text-[18px] leading-normal md:w-3\/5\">Umso \u00fcberraschender ist nun die Verk\u00fcndung mit Blick auf seine beruflichen Ambitionen. Er erkl\u00e4rt: &#8222;Ich hoffe, dass meine Fans mir das als Schauspieler nicht \u00fcbelnehmen, <strong>aber irgendwann m\u00f6chte ich mich ganz der Regie widmen.&#8220;<\/strong><\/p>\n<p class=\"watson-snippet__text my-6 text-[16px] lg:text-[18px] leading-normal md:w-3\/5\">Und weiter: &#8222;Ich bin schon lange als Schauspieler t\u00e4tig. Ich liebe es immer noch, <strong>aber ich denke, die Regiearbeit erlaubt es mir, etwas andere F\u00e4higkeiten einzusetzen<\/strong> und auf eine andere Art und Weise Teil des Sets zu sein. Es macht mir wirklich Spa\u00df.&#8220; <\/p>\n<p class=\"watson-snippet__text my-6 text-[16px] lg:text-[18px] leading-normal md:w-3\/5\"><strong>Trotz dessen wird sein geplanter R\u00fcckzug voraussichtlich nicht sofort erfolgen<\/strong>, denn es soll bereits eine Fortsetzung von &#8222;Luther: The Fallen Sun&#8220; (2023) in Planung sein. <\/p>\n","protected":false},"excerpt":{"rendered":"Idris Elba spielte in den gr\u00f6\u00dften Blockbustern mit.Bild: Arturo Holmes\/Getty Images Stars Von Idris Elba wurden auch in&hellip;\n","protected":false},"author":2,"featured_media":639888,"comment_status":"","ping_status":"","sticky":false,"template":"","format":"standard","meta":{"footnotes":""},"categories":[1776],"tags":[1801,29,214,30,1802,215],"class_list":{"0":"post-639887","1":"post","2":"type-post","3":"status-publish","4":"format-standard","5":"has-post-thumbnail","7":"category-prominente","8":"tag-celebrities","9":"tag-deutschland","10":"tag-entertainment","11":"tag-germany","12":"tag-prominente","13":"tag-unterhaltung"},"share_on_mastodon":{"url":"https:\/\/pubeurope.com\/@de\/115702668315918120","error":""},"_links":{"self":[{"href":"https:\/\/www.europesays.com\/de\/wp-json\/wp\/v2\/posts\/639887","targetHints":{"allow":["GET"]}}],"collection":[{"href":"https:\/\/www.europesays.com\/de\/wp-json\/wp\/v2\/posts"}],"about":[{"href":"https:\/\/www.europesays.com\/de\/wp-json\/wp\/v2\/types\/post"}],"author":[{"embeddable":true,"href":"https:\/\/www.europesays.com\/de\/wp-json\/wp\/v2\/users\/2"}],"replies":[{"embeddable":true,"href":"https:\/\/www.europesays.com\/de\/wp-json\/wp\/v2\/comments?post=639887"}],"version-history":[{"count":0,"href":"https:\/\/www.europesays.com\/de\/wp-json\/wp\/v2\/posts\/639887\/revisions"}],"wp:featuredmedia":[{"embeddable":true,"href":"https:\/\/www.europesays.com\/de\/wp-json\/wp\/v2\/media\/639888"}],"wp:attachment":[{"href":"https:\/\/www.europesays.com\/de\/wp-json\/wp\/v2\/media?parent=639887"}],"wp:term":[{"taxonomy":"category","embeddable":true,"href":"https:\/\/www.europesays.com\/de\/wp-json\/wp\/v2\/categories?post=639887"},{"taxonomy":"post_tag","embeddable":true,"href":"https:\/\/www.europesays.com\/de\/wp-json\/wp\/v2\/tags?post=639887"}],"curies":[{"name":"wp","href":"https:\/\/api.w.org\/{rel}","templated":true}]}}