{"id":63989,"date":"2025-04-26T23:29:28","date_gmt":"2025-04-26T23:29:28","guid":{"rendered":"https:\/\/www.europesays.com\/de\/63989\/"},"modified":"2025-04-26T23:29:28","modified_gmt":"2025-04-26T23:29:28","slug":"polizeieinsatz-nach-randale-in-notaufnahme","status":"publish","type":"post","link":"https:\/\/www.europesays.com\/de\/63989\/","title":{"rendered":"Polizeieinsatz nach Randale in Notaufnahme"},"content":{"rendered":"<ul>\n<li><strong>Mann durchw\u00fchlt Behandlungsraum und verrichtet seine Notdurft<\/strong><\/li>\n<li><strong>Gegen den Randalierer wurde ein Strafverfahren eingeleitet<\/strong><\/li>\n<\/ul>\n<p>Ein 23-J\u00e4hriger hat in Gelsenkirchen die Notaufnahme verw\u00fcstet und einen Polizeieinsatz ausgel\u00f6st. Letzte Nacht ist der Mann per Rettungswagen ins evangelische Krankenhaus an der Munckelstra\u00dfe gebracht worden. Statt sich behandeln zu lassen, hat er einen Behandlungsraum durchw\u00fchlt und seine Notdurft verrichtet. Die herbeigerufene Polizei hat ihn nur mit M\u00fche aus dem Krankenhaus bringen k\u00f6nnen. Der Mann hat Widerstand geleistet, drei Beamte sind dabei leicht verletzt worden.\u00a0Nachdem sich die Lage beruhigt hatte, ist der 23-J\u00e4hrige behandelt worden. Ihm sind zwei Blutproben entnommen worden. Jetzt l\u00e4uft ein Strafverfahren gegen ihn.<\/p>\n","protected":false},"excerpt":{"rendered":"Mann durchw\u00fchlt Behandlungsraum und verrichtet seine Notdurft Gegen den Randalierer wurde ein Strafverfahren eingeleitet Ein 23-J\u00e4hriger hat in&hellip;\n","protected":false},"author":2,"featured_media":63990,"comment_status":"","ping_status":"","sticky":false,"template":"","format":"standard","meta":{"footnotes":""},"categories":[1848],"tags":[3364,29,548,663,3934,3658,30,13,14,15,1209,4358,4908,12],"class_list":{"0":"post-63989","1":"post","2":"type-post","3":"status-publish","4":"format-standard","5":"has-post-thumbnail","7":"category-gelsenkirchen","8":"tag-de","9":"tag-deutschland","10":"tag-eu","11":"tag-europa","12":"tag-europe","13":"tag-gelsenkirchen","14":"tag-germany","15":"tag-headlines","16":"tag-nachrichten","17":"tag-news","18":"tag-nordrhein-westfalen","19":"tag-notaufnahme","20":"tag-polizeieinsatz","21":"tag-schlagzeilen"},"share_on_mastodon":{"url":"https:\/\/pubeurope.com\/@de\/114406867779722762","error":""},"_links":{"self":[{"href":"https:\/\/www.europesays.com\/de\/wp-json\/wp\/v2\/posts\/63989","targetHints":{"allow":["GET"]}}],"collection":[{"href":"https:\/\/www.europesays.com\/de\/wp-json\/wp\/v2\/posts"}],"about":[{"href":"https:\/\/www.europesays.com\/de\/wp-json\/wp\/v2\/types\/post"}],"author":[{"embeddable":true,"href":"https:\/\/www.europesays.com\/de\/wp-json\/wp\/v2\/users\/2"}],"replies":[{"embeddable":true,"href":"https:\/\/www.europesays.com\/de\/wp-json\/wp\/v2\/comments?post=63989"}],"version-history":[{"count":0,"href":"https:\/\/www.europesays.com\/de\/wp-json\/wp\/v2\/posts\/63989\/revisions"}],"wp:featuredmedia":[{"embeddable":true,"href":"https:\/\/www.europesays.com\/de\/wp-json\/wp\/v2\/media\/63990"}],"wp:attachment":[{"href":"https:\/\/www.europesays.com\/de\/wp-json\/wp\/v2\/media?parent=63989"}],"wp:term":[{"taxonomy":"category","embeddable":true,"href":"https:\/\/www.europesays.com\/de\/wp-json\/wp\/v2\/categories?post=63989"},{"taxonomy":"post_tag","embeddable":true,"href":"https:\/\/www.europesays.com\/de\/wp-json\/wp\/v2\/tags?post=63989"}],"curies":[{"name":"wp","href":"https:\/\/api.w.org\/{rel}","templated":true}]}}