{"id":639891,"date":"2025-12-11T19:51:23","date_gmt":"2025-12-11T19:51:23","guid":{"rendered":"https:\/\/www.europesays.com\/de\/639891\/"},"modified":"2025-12-11T19:51:23","modified_gmt":"2025-12-11T19:51:23","slug":"larissa-marolt-verlaesst-bares-fuer-rares-ohne-deal-haendler-irritiert","status":"publish","type":"post","link":"https:\/\/www.europesays.com\/de\/639891\/","title":{"rendered":"Larissa Marolt verl\u00e4sst \u201eBares f\u00fcr Rares\u201c ohne Deal \u2013 H\u00e4ndler irritiert"},"content":{"rendered":"<ol class=\"id-DonaldBreadcrumb lp_west_breadcrumb id-DonaldBreadcrumb--default\" data-k5a-pos=\"west_breadcrumb\">\n<li class=\"id-Breadcrumb-item\"><a href=\"https:\/\/www.wa.de\/\" class=\"id-Breadcrumb-link\" data-id-ec=\"{\" shn=\"\" textlink=\"\" data-k5a-pos=\"1_waDe\" rel=\"nofollow noopener\" target=\"_blank\">wa.de<\/a><\/li>\n<li class=\"id-Breadcrumb-item\"><a href=\"https:\/\/www.wa.de\/stars-tv\/\" class=\"id-Breadcrumb-link\" data-id-ec=\"{\" shn=\"\" textlink=\"\" tv=\"\" data-k5a-pos=\"2_starsTv\" rel=\"nofollow noopener\" target=\"_blank\">Stars &amp; TV<\/a><\/li>\n<\/ol>\n<p class=\"id-Story-timestamp id-Story-timestamp--default\">Stand: 11.12.2025, 19:01 Uhr<\/p>\n<p class=\"id-Story-authors id-Story-authors--default\">Von: <a class=\"id-Story-authors-link lp_west_author\" href=\"https:\/\/www.wa.de\/autor\/bettina-friemel-yz6bgcpys.html\" title=\"Zur Autorenseite von Bettina Friemel\" data-id-ec=\"{\" shn=\"\" author-link=\"\" friemel=\"\" data-k5a-pos=\"west_author\" rel=\"nofollow noopener\" target=\"_blank\">Bettina Friemel<\/a><\/p>\n<p class=\"id-Story-interactionBar id-Story-interactionBar--default\">DruckenTeilen<\/p>\n<p class=\"id-StoryElement-leadText\">Im Dschungelcamp erwarb sich Model und Schauspielerin Larissa Marolt einen einschl\u00e4gigen Ruf. Jetzt lernten auch Horst Lichter und sein \u201eBares f\u00fcr Rares\u201c-Team die \u00d6sterreicherin kennen.<\/p>\n<p class=\"id-StoryElement-paragraph\">K\u00f6nigswinter \u2013 Keine \u201e<a href=\"https:\/\/www.merkur.de\/verbraucher\/bares-fuer-rares-sti824939\/\" class=\"id-import-Link id-pageApi-Link--externalDomain\" title=\"Bares f&#xFC;r Rares\" data-id-ec=\"{&quot;sht&quot;:&quot;Container&quot;,&quot;shn&quot;:&quot;Story&quot;,&quot;p&quot;:{&quot;containerType&quot;:&quot;Paragraph&quot;,&quot;displayType&quot;:&quot;Paragraph InlineLink&quot;,&quot;type&quot;:&quot;INLINE_LINK&quot;,&quot;value&quot;:&quot;Bares f&#xFC;r Rares&quot;,&quot;variant&quot;:&quot;standardLink&quot;,&quot;sponsored&quot;:false,&quot;linkHref&quot;:&quot;https:\/\/www.merkur.de\/verbraucher\/bares-fuer-rares-sti824939\/&quot;,&quot;storyElementPosition&quot;:8,&quot;storyElementCount&quot;:16}}\" rel=\"nofollow noopener\" target=\"_blank\">Bares f\u00fcr Rares<\/a> XXL\u201c-Ausgabe ohne Stargast. Vor der festlich geschm\u00fcckten Kulisse von Schloss Drachenburg will Model und Schauspielerin Larissa Marolt eine Geschenknadel von Kaiser Franz Joseph I. aus der Zeit zwischen 1872 und 1887 verkaufen: \u201eMeine Mutter hat die vor vielen Jahren im Dorotheum in Wien ersteigert.\u201c Horst Lichter fragt nach bei der aus dem Dschungelcamp bekannten \u00d6sterreicherin: \u201eIst das das Franzl von der Sisi?\u201c Kunsthistorikerin Dr. Heide Rezepa-Zabel best\u00e4tigt die Annahme: \u201eIm Grunde genommen ist es DIE Figur eines Kaisers.\u201c<\/p>\n<p><img decoding=\"async\" class=\"id-RatioPlaceholder-element wv_story_el_image\" src=\"https:\/\/www.europesays.com\/de\/wp-content\/uploads\/2025\/12\/40776731-bares-fuer-rares-xxl-horst-lichter-und-heide-rezepa-zabel-begruessten-bei-bares-fuer-rares-.jpeg\" loading=\"lazy\"   height=\"734\" width=\"1100\" alt=\"Bares f&#xFC;r Rares XXL - Horst Lichter und Heide Rezepa-Zabel begr&#xFC;&#xDF;ten bei &quot;Bares f&#xFC;r Rares XXL&quot; Model und Schauspielerin Larissa Marolt.\"\/>Horst Lichter und Heide Rezepa-Zabel begr\u00fc\u00dften bei \u201eBares f\u00fcr Rares XXL\u201c Model und Schauspielerin Larissa Marolt. \u00a9\u00a0ZDF \/ Frank Beer<\/p>\n<p class=\"id-StoryElement-paragraph\">Ebenfalls wei\u00df die Expertin: \u201eDas ist eine der seltenen Geschenknadeln.\u201c Nach den Ausf\u00fchrungen der Expertin meint die 33-J\u00e4hrige: \u201eIch \u00fcberlege mir das jetzt noch, ob ich die hergebe.\u201c Ihr Wunschpreis: 7.000 Euro. Dem muss Rezepa-Zabel widersprechen: Der Wert liegt ihr zufolge nur bei 2.000 bis 2.500 Euro. Bei der gro\u00dfen Diskrepanz darf Horst Lichter eigentlich keine H\u00e4ndlerkarte vergeben. Aber es ist ja Weihnachten, die Zeit der Ausnahmen.<\/p>\n<p>Larissa Marolt pokert hoch \u2013 und steckt sich die Nadel am Ende \u201eselbst an\u201c<\/p>\n<p class=\"id-StoryElement-paragraph\">\u201eEs ist eine Nadel, aber eine ganz besondere\u201c, erkennt H\u00e4ndler Wolfgang Pauritsch sofort. \u201eEine Auszeichnungsnadel? Vom Kaiser?\u201c, fragt Daniel Meyer. \u201eIch bin \u00d6sterreicher, ich muss das kaufen\u201c, ringt Pauritsch im Duell gegen Julian Schmitz-Avila um den Zuschlag. Doch der Preis ist noch weit von Marolts Schmerzgrenze entfernt. Bei 2.400 Euro l\u00e4sst sie durchklingen: \u201eF\u00fcr den Preis w\u00fcrde ich es nicht verkaufen. Und ich wei\u00df auch, dass es an Wert steigen wird.\u201c<\/p>\n<p>Tennisschl\u00e4ger und Luxusauto: Das waren die teuersten Deals bei \u201eBares f\u00fcr Rares\u201c<img decoding=\"async\" class=\"id-RatioPlaceholder-element wv_story_el_interstitialImage\" src=\"https:\/\/www.europesays.com\/de\/wp-content\/uploads\/2025\/07\/1753670414_675_35209330-bei-diesen-deals-mussten-die-haendler-bei-bares-fuer-rares-besonders-tief-in-die-tasche-gre.jpeg\" loading=\"lazy\"   height=\"2160\" width=\"3240\" alt=\"Bei diesen Deals mussten die H&#xE4;ndler bei &#x201E;Bares f&#xFC;r Rares&#x201C; besonders tief in die Tasche greifen. \"\/><a href=\"https:\/\/www.wa.de\/stars-tv\/horst-lichter-die-teuersten-deals-bares-fuer-rares-zdf-koeln-zr-93223185.html\" class=\"id-StoryElement-intestitialLink-link\" data-id-ec=\"{\" shn=\"\" ansehen=\"\" data-k5a-pos=\"west_story_14_photoGalleryLink\" title=\"Zur Fotostrecke: Tennisschl&#xE4;ger und Luxusauto: Das waren die teuersten Deals bei &#x201E;Bares f&#xFC;r Rares&#x201C;\" rel=\"nofollow noopener\" target=\"_blank\">Fotostrecke ansehen<\/a><\/p>\n<p class=\"id-StoryElement-paragraph\">Sie versucht ihr Gl\u00fcck: \u201e7.000 Euro w\u00e4re sch\u00f6n.\u201c Pauritsch l\u00e4sst sich noch auf 3.500 Euro ein, doch Marolt lehnt ab: \u201eIch stecke sie mir jetzt selbst an.\u201c Kein \u201eBares f\u00fcr Rares\u201c-Deal f\u00fcr den Stargast der Folge \u2013 sehr ungew\u00f6hnlich. Doch Daniel Meyer tr\u00f6stet seinen Kollegen: \u201eSie hatte sich das in den Kopf gesetzt, und es war gut, dass du es nicht getan hast.\u201c (Dieser Artikel entstand in Kooperation mit <a href=\"https:\/\/www.msn.com\/de-de\/channel\/source\/community-redirect\/sr-vid-evq0jvu0umaanewkxwdxtkiq64r0mq42s4rv6qwj4vyxnnw7qk5s?cvid=48993fa8c8b243f8be3fed6328a59d47&amp;ei=15\" class=\"id-import-Link id-pageApi-Link--externalDomain\" data-id-ec=\"{&quot;sht&quot;:&quot;Container&quot;,&quot;shn&quot;:&quot;Story&quot;,&quot;p&quot;:{&quot;containerType&quot;:&quot;Paragraph&quot;,&quot;displayType&quot;:&quot;Paragraph InlineLink&quot;,&quot;type&quot;:&quot;INLINE_LINK&quot;,&quot;value&quot;:&quot;teleschau&quot;,&quot;variant&quot;:&quot;standardLink&quot;,&quot;sponsored&quot;:false,&quot;linkHref&quot;:&quot;https:\/\/www.msn.com\/de-de\/channel\/source\/community-redirect\/sr-vid-evq0jvu0umaanewkxwdxtkiq64r0mq42s4rv6qwj4vyxnnw7qk5s?cvid=48993fa8c8b243f8be3fed6328a59d47&amp;ei=15&quot;,&quot;storyElementPosition&quot;:16,&quot;storyElementCount&quot;:16}}\" rel=\"nofollow noopener\" target=\"_blank\">teleschau<\/a>.)<\/p>\n","protected":false},"excerpt":{"rendered":"wa.de Stars &amp; TV Stand: 11.12.2025, 19:01 Uhr Von: Bettina Friemel DruckenTeilen Im Dschungelcamp erwarb sich Model und&hellip;\n","protected":false},"author":2,"featured_media":639892,"comment_status":"","ping_status":"","sticky":false,"template":"","format":"standard","meta":{"footnotes":""},"categories":[1773],"tags":[29,214,30,471,1780,215],"class_list":{"0":"post-639891","1":"post","2":"type-post","3":"status-publish","4":"format-standard","5":"has-post-thumbnail","7":"category-serien","8":"tag-deutschland","9":"tag-entertainment","10":"tag-germany","11":"tag-serien","12":"tag-series","13":"tag-unterhaltung"},"share_on_mastodon":{"url":"https:\/\/pubeurope.com\/@de\/115702681126842889","error":""},"_links":{"self":[{"href":"https:\/\/www.europesays.com\/de\/wp-json\/wp\/v2\/posts\/639891","targetHints":{"allow":["GET"]}}],"collection":[{"href":"https:\/\/www.europesays.com\/de\/wp-json\/wp\/v2\/posts"}],"about":[{"href":"https:\/\/www.europesays.com\/de\/wp-json\/wp\/v2\/types\/post"}],"author":[{"embeddable":true,"href":"https:\/\/www.europesays.com\/de\/wp-json\/wp\/v2\/users\/2"}],"replies":[{"embeddable":true,"href":"https:\/\/www.europesays.com\/de\/wp-json\/wp\/v2\/comments?post=639891"}],"version-history":[{"count":0,"href":"https:\/\/www.europesays.com\/de\/wp-json\/wp\/v2\/posts\/639891\/revisions"}],"wp:featuredmedia":[{"embeddable":true,"href":"https:\/\/www.europesays.com\/de\/wp-json\/wp\/v2\/media\/639892"}],"wp:attachment":[{"href":"https:\/\/www.europesays.com\/de\/wp-json\/wp\/v2\/media?parent=639891"}],"wp:term":[{"taxonomy":"category","embeddable":true,"href":"https:\/\/www.europesays.com\/de\/wp-json\/wp\/v2\/categories?post=639891"},{"taxonomy":"post_tag","embeddable":true,"href":"https:\/\/www.europesays.com\/de\/wp-json\/wp\/v2\/tags?post=639891"}],"curies":[{"name":"wp","href":"https:\/\/api.w.org\/{rel}","templated":true}]}}