{"id":64029,"date":"2025-04-26T23:50:09","date_gmt":"2025-04-26T23:50:09","guid":{"rendered":"https:\/\/www.europesays.com\/de\/64029\/"},"modified":"2025-04-26T23:50:09","modified_gmt":"2025-04-26T23:50:09","slug":"ukrainekrieg-donald-trump-aeussert-zweifel-an-russlands-friedenswillen","status":"publish","type":"post","link":"https:\/\/www.europesays.com\/de\/64029\/","title":{"rendered":"Ukrainekrieg: Donald Trump \u00e4u\u00dfert Zweifel an Russlands Friedenswillen"},"content":{"rendered":"<p class=\"paragraph article__item\">US-Pr\u00e4sident <a class=\"rtr-entity\" href=\"https:\/\/www.zeit.de\/thema\/donald-trump\" rel=\"nofollow noopener\" target=\"_blank\">Donald Trump<\/a> hat Zweifel an der Ernsthaftigkeit<br \/>\nvon <a href=\"https:\/\/www.zeit.de\/thema\/wladimir-putin\" class=\"\" target=\"_blank\" rel=\"nofollow noopener\">Wladimir Putins<\/a> Friedensabsichten ge\u00e4u\u00dfert und Russland mit weiteren<br \/>\nSanktionen gedroht. Das Verhalten des russischen Pr\u00e4sidenten gebe ihm zu<br \/>\ndenken, schrieb Trump auf seiner Onlineplattform Truth Social mit Blick auf <a href=\"https:\/\/www.zeit.de\/politik\/ausland\/2025-04\/russischer-angriffskrieg-vitali-klitschko-trauertag-kyjiw\" class=\"\" target=\"_blank\" rel=\"nofollow noopener\">die<br \/>\nj\u00fcngsten russischen Angriffe auf zivile Ziele in der Ukraine<\/a>. Vielleicht wolle Putin<br \/>\nden Krieg gar nicht beenden, sondern halte ihn nur hin und m\u00fcsse daher anders<br \/>\nbehandelt werden.\n<\/p>\n<p class=\"paragraph article__item\">Trump drohte mit einer h\u00e4rteren Gangart gegen\u00fcber <a href=\"https:\/\/www.zeit.de\/thema\/russland\" class=\"\" target=\"_blank\" rel=\"nofollow noopener\">Russland<\/a>,<br \/>\ndarunter m\u00f6glichen neuen Sanktionen im Bankenwesen oder sogenannten<br \/>\nSekund\u00e4rsanktionen. Gemeint sind damit Ma\u00dfnahmen gegen Drittl\u00e4nder, Unternehmen oder Einzelpersonen, die weiterhin mit <a class=\"rtr-entity\" href=\"https:\/\/www.zeit.de\/thema\/russland\" rel=\"nofollow noopener\" target=\"_blank\">Russland<\/a> Gesch\u00e4fte machen. <\/p>\n<p>        Treffen zwischen Trump und Selenskyj        <\/p>\n<p class=\"paragraph article__item\">Zuvor hatte Trump den ukrainischen Staatschef\u00a0<a class=\"rtr-entity\" href=\"https:\/\/www.zeit.de\/thema\/wolodymyr-selenskyj\" rel=\"nofollow noopener\" target=\"_blank\">Wolodymyr Selenskyj<\/a> <a href=\"https:\/\/www.zeit.de\/politik\/ausland\/2025-04\/trump-selenskyj-rom-treffen-papst-begraebnis\" class=\"\" target=\"_blank\" rel=\"nofollow noopener\">am Rande der Trauerfeier f\u00fcr Papst Franziskus in Rom getroffen<\/a>. Es war<br \/>\nihr erstes pers\u00f6nliches Gespr\u00e4ch seit <a href=\"https:\/\/www.zeit.de\/politik\/ausland\/2025-02\/wolodymyr-selenskyj-donald-trump-usa-besuch\" class=\"\" target=\"_blank\" rel=\"nofollow noopener\">dem Eklat im Wei\u00dfen Haus im Februar<\/a>. Nach<br \/>\nAngaben Selenskyjs sprachen beide \u00fcber &#8222;eine umfassende und bedingungslose<br \/>\nWaffenruhe&#8220; mit Russland. Er hoffe, das Gespr\u00e4ch k\u00f6nne historische Bedeutung<br \/>\nerlangen. Auch die US-Regierung beschrieb das Treffen als konstruktiv und<br \/>\nproduktiv.\n<\/p>\n<p>            Ukrainekrieg        <\/p>\n<p>Mehr zum Thema<\/p>\n<p>                <a href=\"https:\/\/www.zeit.de\/2025\/17\/donbass-ukraine-krieg-russland-armee-einwohner\" data-ct-label=\"Donbass: Die Letzten in den Todeszonen\" rel=\"nofollow noopener\" target=\"_blank\"><\/p>\n<p>                        Donbass:<br \/>\n                        Die Letzten in den Todeszonen<\/p>\n<p>                <\/a><\/p>\n<p>                <a href=\"https:\/\/www.zeit.de\/politik\/ausland\/2025-04\/ukraine-lage-verhandlungen-frieden-russland-krim-woche\" data-ct-label=\"Lage in der Ukraine: Verhandeln mit dem n\u00e4chsten Krieg im Blick\" rel=\"nofollow noopener\" target=\"_blank\"><\/p>\n<p>                        Lage in der Ukraine:<br \/>\n                        Verhandeln mit dem n\u00e4chsten Krieg im Blick<\/p>\n<p>                <\/a><\/p>\n<p>                <a href=\"https:\/\/www.zeit.de\/politik\/ausland\/2025-04\/russische-ruestungsbranche-produktion-waffensysteme-drohne\" data-ct-label=\"Russische R\u00fcstungsbranche: Wie Russlands R\u00fcstungsindustrie den Westen \u00fcberholt hat\" rel=\"nofollow noopener\" target=\"_blank\"><\/p>\n<p>        Z+ (abopflichtiger Inhalt);<\/p>\n<p>    Russische R\u00fcstungsbranche:<br \/>\n                        Wie Russlands R\u00fcstungsindustrie den Westen \u00fcberholt hat<\/p>\n<p>                <\/a><\/p>\n<p class=\"paragraph article__item\">Derweil bekr\u00e4ftigte Kreml-Sprecher Dmitri Peskow nach einem<br \/>\nTreffen Putins mit dem US-Sondergesandten Steve Witkoff die russische<br \/>\nBereitschaft zu Gespr\u00e4chen &#8222;ohne Vorbedingungen&#8220;. Tats\u00e4chlich aber<br \/>\nhat Putin bisher regelm\u00e4\u00dfig seine Maximalforderungen mit Blick auf die <a href=\"https:\/\/www.zeit.de\/thema\/krieg-in-ukraine\" class=\"\" target=\"_blank\" rel=\"nofollow noopener\">Ukraine<\/a> wiederholt:<br \/>\ndie Kontrolle \u00fcber die Krim und vier weitere ukrainische Regionen, den Verzicht<br \/>\nder <a class=\"rtr-entity\" href=\"https:\/\/www.zeit.de\/thema\/krieg-in-ukraine\" rel=\"nofollow noopener\" target=\"_blank\">Ukraine<\/a> auf einen Nato-Beitritt und ihre Entmilitarisierung.\n<\/p>\n<p class=\"paragraph article__item\">Verfolgen Sie alle aktuellen Entwicklungen im russischen Krieg gegen die Ukraine\u00a0<a href=\"https:\/\/www.zeit.de\/politik\/ausland\/ukraine-krieg-news-liveblog\" class=\"\" target=\"_blank\" rel=\"nofollow noopener\">in unserem Liveblog<\/a>.<\/p>\n","protected":false},"excerpt":{"rendered":"US-Pr\u00e4sident Donald Trump hat Zweifel an der Ernsthaftigkeit von Wladimir Putins Friedensabsichten ge\u00e4u\u00dfert und Russland mit weiteren Sanktionen&hellip;\n","protected":false},"author":2,"featured_media":64030,"comment_status":"","ping_status":"","sticky":false,"template":"","format":"standard","meta":{"footnotes":"","_share_on_mastodon":"0"},"categories":[3933],"tags":[331,332,106,548,663,158,3934,3935,28806,13,1435,14,15,16,307,9562,12,4201,312,306,107],"class_list":["post-64029","post","type-post","status-publish","format-standard","has-post-thumbnail","category-eu","tag-aktuelle-nachrichten","tag-aktuelle-news","tag-donald-trump","tag-eu","tag-europa","tag-europaeische-union","tag-europe","tag-european-union","tag-friedenswillen","tag-headlines","tag-krieg-in-der-ukraine","tag-nachrichten","tag-news","tag-politik","tag-russland","tag-sanktion","tag-schlagzeilen","tag-treffen","tag-ukrainekrieg","tag-wladimir-putin","tag-wolodymyr-selenskyj"],"share_on_mastodon":{"url":"https:\/\/pubeurope.com\/@de\/114406950383230281","error":""},"_links":{"self":[{"href":"https:\/\/www.europesays.com\/de\/wp-json\/wp\/v2\/posts\/64029","targetHints":{"allow":["GET"]}}],"collection":[{"href":"https:\/\/www.europesays.com\/de\/wp-json\/wp\/v2\/posts"}],"about":[{"href":"https:\/\/www.europesays.com\/de\/wp-json\/wp\/v2\/types\/post"}],"author":[{"embeddable":true,"href":"https:\/\/www.europesays.com\/de\/wp-json\/wp\/v2\/users\/2"}],"replies":[{"embeddable":true,"href":"https:\/\/www.europesays.com\/de\/wp-json\/wp\/v2\/comments?post=64029"}],"version-history":[{"count":0,"href":"https:\/\/www.europesays.com\/de\/wp-json\/wp\/v2\/posts\/64029\/revisions"}],"wp:featuredmedia":[{"embeddable":true,"href":"https:\/\/www.europesays.com\/de\/wp-json\/wp\/v2\/media\/64030"}],"wp:attachment":[{"href":"https:\/\/www.europesays.com\/de\/wp-json\/wp\/v2\/media?parent=64029"}],"wp:term":[{"taxonomy":"category","embeddable":true,"href":"https:\/\/www.europesays.com\/de\/wp-json\/wp\/v2\/categories?post=64029"},{"taxonomy":"post_tag","embeddable":true,"href":"https:\/\/www.europesays.com\/de\/wp-json\/wp\/v2\/tags?post=64029"}],"curies":[{"name":"wp","href":"https:\/\/api.w.org\/{rel}","templated":true}]}}