{"id":640627,"date":"2025-12-12T03:51:30","date_gmt":"2025-12-12T03:51:30","guid":{"rendered":"https:\/\/www.europesays.com\/de\/640627\/"},"modified":"2025-12-12T03:51:30","modified_gmt":"2025-12-12T03:51:30","slug":"rbb24-abendschau-vom-11-12-2025-rbb","status":"publish","type":"post","link":"https:\/\/www.europesays.com\/de\/640627\/","title":{"rendered":"rbb24 Abendschau vom 11.12.2025 | rbb"},"content":{"rendered":"<p>\tweitere Themen der Sendung<\/p>\n<p class=\"manualteaserroofline\">Verkehr<\/p>\n<p>\t\t<a href=\"https:\/\/www.rbb-online.de\/abendschau\/videos\/20251211_1930\/weiter-stress-um-und-durch-die-elsenbruecke-in-treptow.html\" class=\"sendeplatz\" target=\"_blank\" rel=\"noopener\"><br \/>\n\t\tWie steht es um die Elsenbr\u00fccke?<\/p>\n<p>\t\t<\/a><\/p>\n<p>Hupen, Aggressivit\u00e4t, Stress und L\u00e4rm &#8211; nicht nur, dass die Elsenbr\u00fccke neugebaut werden muss, hinzu kommt der vom neuen Fortsatz der A 100 nach Treptow abflie\u00dfende Verkehr. &#8230;<\/p>\n<p class=\"manualteaserroofline\">Schienenverkehr<\/p>\n<p>\t\t<a href=\"https:\/\/www.rbb-online.de\/abendschau\/videos\/20251211_1930\/dresdner-bahn-in-betrieb-genommen.html\" class=\"sendeplatz\" target=\"_blank\" rel=\"noopener\"><br \/>\n\t\tDresdner Bahn in Betrieb genommen<\/p>\n<p>\t\t<\/a><\/p>\n<p>Die Inbetriebnahme ist mit einer Sonderfahrt vom S\u00fcdkreuz zum BER gefeiert worden : Im Berliner S\u00fcden ist am Donnerstag  die neue Strecke der Dresdner Bahn er\u00f6ffnet  worden. &#8230;<\/p>\n<p class=\"manualteaserroofline\">Wohnen<\/p>\n<p>\t\t<a href=\"https:\/\/www.rbb-online.de\/abendschau\/videos\/20251211_1930\/mieterverein-sieht-eigenbedarf-als-grossen-konflikt.html\" class=\"sendeplatz\" target=\"_blank\" rel=\"noopener\"><br \/>\n\t\tMieterverein sieht Eigenbedarf als gro\u00dfen Konflikt<\/p>\n<p>\t\t<\/a><\/p>\n<p>Die M\u00e4r ging bisher meist so: Eigentumswohnungen seien zu begr\u00fc\u00dfen, denn dann w\u00fcrde ja automatisch eine andere Wohnung irgendwo frei.  Die Frage ist zum einen aber, wo dieses &#8230;<\/p>\n<p class=\"manualteaserroofline\">Medien<\/p>\n<p>\t\t<a href=\"https:\/\/www.rbb-online.de\/abendschau\/videos\/20251211_1930\/anklage-gegen-fruehere-rbb-intendentin-schlesinger-erhoben.html\" class=\"sendeplatz\" target=\"_blank\" rel=\"noopener\"><br \/>\n\t\tFr\u00fchere rbb-Intendantin Schlesinger wegen Untreue angeklagt<\/p>\n<p>\t\t<\/a><\/p>\n<p>Die Generalstaatsanwaltschaft Berlin hat Anklage gegen die fr\u00fchere rbb-Intendantin Schlesinger erhoben . Die Beh\u00f6rde wirft ihr und drei weitere Personen unter anderem &#8230;<\/p>\n<p>\t\t<a href=\"https:\/\/www.rbb-online.de\/abendschau\/videos\/20251211_1930\/kurznachrichten-fuer-und-aus-berlin.html\" class=\"sendeplatz\" target=\"_blank\" rel=\"noopener\"><br \/>\n\t\tNachrichten<\/p>\n<p>\t\t<\/a><\/p>\n<p>+++  Polizei warnt wegen Silvester mit Brief Eltern vor Kugelbomben  +++ Dauerausstellung &#8222;Berlin packt aus&#8220; zeigt Gastgeschenkje an Berliner Politiker +++ &#8230;<\/p>\n<p class=\"manualteaserroofline\">Sport<\/p>\n<p>\t\t<a href=\"https:\/\/www.rbb-online.de\/abendschau\/videos\/20251211_1930\/berliner-olympia-kuratorium-tagte-zum-ersten-mal.html\" class=\"sendeplatz\" target=\"_blank\" rel=\"noopener\"><br \/>\n\t\tBerliner Olympia-Kuratorium zusammengekommen<\/p>\n<p>\t\t<\/a><\/p>\n<p>Das Berliner Olympia-Kuratorium hat zum ersten Mal getagt. Prominente  Sportler und Kiezforen sollen f\u00fcr mehr Zustimmung der Berliner f\u00fcr Olympia sorgen.<br \/>\n  Beitrag von &#8230;<\/p>\n<p class=\"manualteaserroofline\">Bildung<\/p>\n<p>\t\t<a href=\"https:\/\/www.rbb-online.de\/abendschau\/videos\/20251211_1930\/diskussion-zu-hoher-arbeitsbelastung-von-lehrern.html\" class=\"sendeplatz\" target=\"_blank\" rel=\"noopener\"><br \/>\n\t\tDiskussion zu hoher Arbeitsbelastung f\u00fcr Lehrer<\/p>\n<p>\t\t<\/a><\/p>\n<p>Im Sommer erschien eine Studie, die besagte, dass Lehrkr\u00e4fte \u00fcberdurchschnittlich viel arbeiten. Im Bildungsausschuss des Abgeordnetenhauses wurde nun \u00fcber die Problematik &#8211; &#8230;<\/p>\n<p class=\"manualteaserroofline\">Adventskalender<\/p>\n<p>\t\t<a href=\"https:\/\/www.rbb-online.de\/abendschau\/7plus\/adventskalender-2025\/tuerchen-elf-charlotte-trainiert-fussball-kinder.html\" class=\"sendeplatz\" target=\"_blank\" rel=\"noopener\"><br \/>\n\t\tT\u00fcrchen 11: Charlotte trainiert Fu\u00dfball-Kinder<\/p>\n<p>\t\t<\/a><\/p>\n<p>Charlotte ist mittendrin in ihren Teenager-Jahren, dennoch schon Trainerin f\u00fcr etliche Fu\u00dfball-Kinder in Mitte &#8211; und die heutige Lieblingsberlinerin im Adventskalender der &#8230;<\/p>\n","protected":false},"excerpt":{"rendered":"weitere Themen der Sendung Verkehr Wie steht es um die Elsenbr\u00fccke? Hupen, Aggressivit\u00e4t, Stress und L\u00e4rm &#8211; nicht&hellip;\n","protected":false},"author":2,"featured_media":578511,"comment_status":"","ping_status":"","sticky":false,"template":"","format":"standard","meta":{"footnotes":""},"categories":[1773],"tags":[29,214,30,471,1780,215],"class_list":{"0":"post-640627","1":"post","2":"type-post","3":"status-publish","4":"format-standard","5":"has-post-thumbnail","7":"category-serien","8":"tag-deutschland","9":"tag-entertainment","10":"tag-germany","11":"tag-serien","12":"tag-series","13":"tag-unterhaltung"},"share_on_mastodon":{"url":"https:\/\/pubeurope.com\/@de\/115704567191956973","error":""},"_links":{"self":[{"href":"https:\/\/www.europesays.com\/de\/wp-json\/wp\/v2\/posts\/640627","targetHints":{"allow":["GET"]}}],"collection":[{"href":"https:\/\/www.europesays.com\/de\/wp-json\/wp\/v2\/posts"}],"about":[{"href":"https:\/\/www.europesays.com\/de\/wp-json\/wp\/v2\/types\/post"}],"author":[{"embeddable":true,"href":"https:\/\/www.europesays.com\/de\/wp-json\/wp\/v2\/users\/2"}],"replies":[{"embeddable":true,"href":"https:\/\/www.europesays.com\/de\/wp-json\/wp\/v2\/comments?post=640627"}],"version-history":[{"count":0,"href":"https:\/\/www.europesays.com\/de\/wp-json\/wp\/v2\/posts\/640627\/revisions"}],"wp:featuredmedia":[{"embeddable":true,"href":"https:\/\/www.europesays.com\/de\/wp-json\/wp\/v2\/media\/578511"}],"wp:attachment":[{"href":"https:\/\/www.europesays.com\/de\/wp-json\/wp\/v2\/media?parent=640627"}],"wp:term":[{"taxonomy":"category","embeddable":true,"href":"https:\/\/www.europesays.com\/de\/wp-json\/wp\/v2\/categories?post=640627"},{"taxonomy":"post_tag","embeddable":true,"href":"https:\/\/www.europesays.com\/de\/wp-json\/wp\/v2\/tags?post=640627"}],"curies":[{"name":"wp","href":"https:\/\/api.w.org\/{rel}","templated":true}]}}