{"id":640810,"date":"2025-12-12T06:00:15","date_gmt":"2025-12-12T06:00:15","guid":{"rendered":"https:\/\/www.europesays.com\/de\/640810\/"},"modified":"2025-12-12T06:00:15","modified_gmt":"2025-12-12T06:00:15","slug":"2026-fast-ganzes-jahr-zugausfaelle-zwischen-augsburg-und-donauwoerth","status":"publish","type":"post","link":"https:\/\/www.europesays.com\/de\/640810\/","title":{"rendered":"2026 fast ganzes Jahr Zugausf\u00e4lle zwischen Augsburg und Donauw\u00f6rth"},"content":{"rendered":"<p class=\"mb-6 text-xs md:text-m lg:text-l font-serif group-[.font-sans]:font-sans \">\n    F\u00fcr Arverio-Fahrg\u00e4ste stehen Ver\u00e4nderungen an: Ab Sonntag gilt auf dem Streckennetz der Deutschen Bahn ein neuer Fahrplan. Doch wirklich sp\u00fcrbare Einschnitte auf den Strecken <a href=\"https:\/\/www.augsburger-allgemeine.de\/donauwoerth\/ort\/donauwoerth\" target=\"_self\" class=\"underline \" rel=\"noopener\">Donauw\u00f6rth<\/a>-Augsburg und Donauw\u00f6rth-Aalen gibt es erst ab Februar.\n  <\/p>\n<p class=\"mb-6 text-xs md:text-m lg:text-l font-serif group-[.font-sans]:font-sans \">\n    F\u00fcr Fahrg\u00e4ste aus Mertingen und B\u00e4umenheim ergibt sich mit dem neuen Fahrplan montags bis freitags am Morgen ein neuer Anschluss an den ICE in Richtung N\u00fcrnberg-Hamburg: Der erste Zug verl\u00e4sst Augsburg (Abfahrt bisher 5.21 Uhr) dann vier Minuten fr\u00fcher; planm\u00e4\u00dfig wird dann in Donauw\u00f6rth der ICE 804 erreicht.\n  <\/p>\n<p>            Sperrung wichtiger Strecke hat Auswirkungen auf Verbindungen Donauw\u00f6rth-Augsburg<\/p>\n<p class=\"mb-6 text-xs md:text-m lg:text-l font-serif group-[.font-sans]:font-sans \">\n    Dar\u00fcber hinaus soll laut Pl\u00e4nen der Bahn-Infrastruktursparte DB InfraGo von Freitag, 6. Februar 2026, bis Samstag, 12. Dezember, die Strecke N\u00fcrnberg-Regensburg-Passau wegen Sanierungen abschnittsweise komplett gesperrt werden. Etliche G\u00fcterz\u00fcge m\u00fcssen in dieser Zeit \u00fcber andere Strecken umgeleitet werden,<a href=\"https:\/\/www.augsburger-allgemeine.de\/donauwoerth\/jahrzehnt-der-sanierung-auf-riesbahn-steht-an-was-bedeutet-das-fuer-die-fahrgaeste-112917895\" target=\"_self\" class=\"underline \" rel=\"noopener\"> ein Teil von ihnen \u00fcber Treuchtlingen-Augsburg-M\u00fcnchen.<\/a> \u00dcber die konkreten Auswirkungen dieses Vorhabens werde Arverio zu einem sp\u00e4teren Zeitpunkt auf den gewohnten Wegen informieren, sobald die Details gekl\u00e4rt sind. Arverio teilt aber auf Anfrage mit, dass Verst\u00e4rkerz\u00fcge in den Hauptverkehrszeiten ausfallen. Das betrifft laut DB-Navigator zum Beispiel die Bahnen, die ab 6.34 Uhr und 7.40 Uhr von Donauw\u00f6rth nach Augsburg fahren. Auch im nachmitt\u00e4glichen Verkehr gibt es Ausf\u00e4lle, zum Beispiel die Fahrt um 16.33 Uhr von Augsburg nach Donauw\u00f6rth. \u201eWir schauen derzeit, wann Ersatzbusse Sinn ergeben\u201c, so Arverio. N\u00e4here Infos gebe es aber wohl erst 2026. Denn die Planung des Fahrplans sei aufgrund der hohen Zahl an Baustellen und unvorhergesehenen Infrastrukturst\u00f6rungen viel kurzfristiger geworden.\n  <\/p>\n<p class=\"mb-6 text-xs md:text-m lg:text-l font-serif group-[.font-sans]:font-sans \">\n    <a href=\"https:\/\/www.augsburger-allgemeine.de\/noerdlingen\/riesbahn-sanierung-sorgt-fuer-zugausfaelle-112956627\" target=\"_self\" class=\"underline \" rel=\"noopener\">Auf der Riesbahn gibt es ab Februar laut Arverio Sperrungen zwischen Aalen und Bopfingen,<\/a> im M\u00e4rz Zugausf\u00e4lle zwischen Lauchheim und Aalen. Dabei sollen immer nur die sp\u00e4ten Abend- und Morgenstunden betroffen sein. Zwischen Ende M\u00e4rz und Mitte April soll es zwischen N\u00f6rdlingen und Donauw\u00f6rth eine Komplettsperrung mit Ausfall aller Z\u00fcge geben.\n  <\/p>\n<p>            \u00c4nderungen auf Strecke Augsburg-Donauw\u00f6rth bereits in DB-Navigator vermerkt<\/p>\n<p class=\"mb-6 text-xs md:text-m lg:text-l font-serif group-[.font-sans]:font-sans \">\n    <a href=\"https:\/\/www.augsburger-allgemeine.de\/neuburg\/schienenersatzverkehr-neuburg-fuehrt-zu-frust-bei-pendlern-und-schuelern-112676665\" target=\"_self\" class=\"underline \" rel=\"noopener\">Die f\u00fcr die Verbindungen in Richtung Dillingen und Neuburg verantwortliche Agilis hat keine \u00c4nderungen zu verzeichnen.<\/a> Direkte Auswirkungen werde die Baustelle auf der Strecke N\u00fcrnberg-Regensburg-Passau auf diesen Strecken nicht haben. Ob es indirekte Beeintr\u00e4chtigungen gebe, zum Beispiel durch andere umgeleitete Z\u00fcge, bleibe abzuwarten.\n  <\/p>\n<p class=\"mb-6 text-xs md:text-m lg:text-l font-serif group-[.font-sans]:font-sans \">\n    Fahrg\u00e4ste werden von Arverio gebeten, sich rechtzeitig zu informieren, ob sich Fahrzeiten \u00e4ndern. Unter anderem im DB-Navigator sind die neuen Fahrplandaten bereits hinterlegt. Bahnnutzer k\u00f6nnen auch ihre Mailadresse hinterlegen und so \u00fcber Fahrplanabweichungen informiert werden.\n  <\/p>\n<ul data-module-id=\"DragDropModule\" class=\"flex flex-wrap justify-start group-[.no-bookmarks]:hidden\">\n<li class=\"mb-3 mr-3\">\n    Bill Titze<\/p>\n<p>      Icon Haken im Kreis gesetzt<\/p>\n<p>      Icon Plus im Kreis<\/p>\n<\/li>\n<li class=\"mb-3 mr-3\">\n    Donauw\u00f6rth<\/p>\n<p>      Icon Haken im Kreis gesetzt<\/p>\n<p>      Icon Plus im Kreis<\/p>\n<\/li>\n<li class=\"mb-3 mr-3\">\n    Augsburg<\/p>\n<p>      Icon Haken im Kreis gesetzt<\/p>\n<p>      Icon Plus im Kreis<\/p>\n<\/li>\n<\/ul>\n","protected":false},"excerpt":{"rendered":"F\u00fcr Arverio-Fahrg\u00e4ste stehen Ver\u00e4nderungen an: Ab Sonntag gilt auf dem Streckennetz der Deutschen Bahn ein neuer Fahrplan. Doch&hellip;\n","protected":false},"author":2,"featured_media":521045,"comment_status":"","ping_status":"","sticky":false,"template":"","format":"standard","meta":{"footnotes":""},"categories":[1846],"tags":[680,772,3364,2030,29,136520,548,663,3934,30,13,2229,150962,14,15,150963,150961,12,150964,6427],"class_list":{"0":"post-640810","1":"post","2":"type-post","3":"status-publish","4":"format-standard","5":"has-post-thumbnail","7":"category-augsburg","8":"tag-augsburg","9":"tag-bayern","10":"tag-de","11":"tag-deutsche-bahn","12":"tag-deutschland","13":"tag-donauwoerth","14":"tag-eu","15":"tag-europa","16":"tag-europe","17":"tag-germany","18":"tag-headlines","19":"tag-ice","20":"tag-mertingen","21":"tag-nachrichten","22":"tag-news","23":"tag-nuernberg-hamburg","24":"tag-nuernberg-regensburg-passau","25":"tag-schlagzeilen","26":"tag-treuchtlingen-augsburg-muenchen","27":"tag-zugausfall"},"share_on_mastodon":{"url":"https:\/\/pubeurope.com\/@de\/115705074332555860","error":""},"_links":{"self":[{"href":"https:\/\/www.europesays.com\/de\/wp-json\/wp\/v2\/posts\/640810","targetHints":{"allow":["GET"]}}],"collection":[{"href":"https:\/\/www.europesays.com\/de\/wp-json\/wp\/v2\/posts"}],"about":[{"href":"https:\/\/www.europesays.com\/de\/wp-json\/wp\/v2\/types\/post"}],"author":[{"embeddable":true,"href":"https:\/\/www.europesays.com\/de\/wp-json\/wp\/v2\/users\/2"}],"replies":[{"embeddable":true,"href":"https:\/\/www.europesays.com\/de\/wp-json\/wp\/v2\/comments?post=640810"}],"version-history":[{"count":0,"href":"https:\/\/www.europesays.com\/de\/wp-json\/wp\/v2\/posts\/640810\/revisions"}],"wp:featuredmedia":[{"embeddable":true,"href":"https:\/\/www.europesays.com\/de\/wp-json\/wp\/v2\/media\/521045"}],"wp:attachment":[{"href":"https:\/\/www.europesays.com\/de\/wp-json\/wp\/v2\/media?parent=640810"}],"wp:term":[{"taxonomy":"category","embeddable":true,"href":"https:\/\/www.europesays.com\/de\/wp-json\/wp\/v2\/categories?post=640810"},{"taxonomy":"post_tag","embeddable":true,"href":"https:\/\/www.europesays.com\/de\/wp-json\/wp\/v2\/tags?post=640810"}],"curies":[{"name":"wp","href":"https:\/\/api.w.org\/{rel}","templated":true}]}}