{"id":640811,"date":"2025-12-12T06:02:13","date_gmt":"2025-12-12T06:02:13","guid":{"rendered":"https:\/\/www.europesays.com\/de\/640811\/"},"modified":"2025-12-12T06:02:13","modified_gmt":"2025-12-12T06:02:13","slug":"doppelt-geklautes-auto-mannheimer-bekommt-bmw-nicht-zurueck","status":"publish","type":"post","link":"https:\/\/www.europesays.com\/de\/640811\/","title":{"rendered":"Doppelt geklautes Auto: Mannheimer bekommt BMW nicht zur\u00fcck"},"content":{"rendered":"<p>Ein Mann aus Mannheim wollte im Fr\u00fchjahr sein Auto in Rum\u00e4nien verkaufen. Der BMW wurde nach einer Probefahrt aber nicht zur\u00fcckgebracht. Kurze Zeit sp\u00e4ter konnte er das Auto in Dortmund orten. Er fuhr nach Dortmund zu einem Autoh\u00e4ndler und holte sich den Wagen mit einem Zweitschl\u00fcssel zur\u00fcck. Da auch der Dortmunder Autoh\u00e4ndler den Wagen als gestohlen meldete, beschlagnahmte die Polizei das Auto in Mannheim. Beide M\u00e4nner wollen den BMW zur\u00fcckhaben. <\/p>\n<p>Jetzt hat die Staatsanwaltschaft Dortmund eine Entscheidung getroffen: Der Wagen geht nicht an den urspr\u00fcnglichen Eigent\u00fcmer aus Mannheim zur\u00fcck, sondern soll wieder dem Dortmunder H\u00e4ndler ausgeh\u00e4ndigt werden.<\/p>\n<p>Mannheimer lie\u00df Papiere im Auto liegen<\/p>\n<p>Mit dem kuriosen Fall hatten sich monatelang die Polizei und die Staatsanwaltschaft Dortmund befasst. Auch das zust\u00e4ndige Amtsgericht Dortmund ist um seine Rechtsauffassung gebeten worden, sagte ein Sprecher der Dortmunder Staatsanwaltschaft. Nach Ansicht des Gerichts sollte der BMW dem Dortmunder Autoh\u00e4ndler zur\u00fcckgegeben werden.<\/p>\n<p>Denn: Der Mannheimer hatte den Dieben in Rum\u00e4nien selbst die Autoschl\u00fcssel gegeben. In dem Auto lagen der Fahrzeugschein und der Fahrzeugbrief. Damit sei der Wagen dem Mann rechtlich gesehen &#8222;nicht abhanden gekommen&#8220;, teilte die Dortmunder Staatsanwaltschaft mit. Auch wenn der Mann einen Nachweis auf seinem Handy hatte, dass ihm das Auto urspr\u00fcnglich geh\u00f6rte, er einen Kaufvertrag aus dem Jahr 2022 vorlegen konnte und im Besitz eines weiteren Originalschl\u00fcssels war.<\/p>\n<p>Autoh\u00e4ndler wusste nichts von dem Diebstahl<\/p>\n<p>Der Autoh\u00e4ndler aus Dortmund kaufte kurz nach dem Diebstahl den BMW f\u00fcr 12.000 Euro von einem Zwischenh\u00e4ndler, der diesen wiederum in Rum\u00e4nien von zwei M\u00e4nnern erworben hatte &#8211; vermutlich den beiden Dieben. Der Dortmunder Autoh\u00e4ndler habe aber nicht wissen k\u00f6nnen, dass es sich um ein gestohlenes Auto gehandelt hat, so die Staatsanwaltschaft. Er hatte zwei Originalschl\u00fcssel und die kompletten Originalpapiere des Wagens erhalten und diese sogar nochmal auf Echtheit \u00fcberpr\u00fcfen lassen. Nach Einsch\u00e4tzung des Amtsgerichts Dortmund hat er damit &#8222;gutgl\u00e4ubig Eigentum erworben&#8220;.<\/p>\n<p>Mannheimer kann rechtlich dagegen vorgehen<\/p>\n<p>Der Mannheimer hat laut Staatsanwaltschaft jetzt drei Wochen Zeit, gegen die Entscheidung rechtlich vorzugehen. Gegen den Mann aus Mannheim wiederum werde aber nicht ermittelt, weil er den Wagen aus Dortmund zur\u00fcckgeholt hatte. Er hatte ja zu diesem Zeitpunkt angenommen, der BMW geh\u00f6re ihm. Die Staatsanwaltschaft Dortmund ermittelt weiterhin gegen die unbekannten M\u00e4nner in Rum\u00e4nien, die den Wagen nach der Probefahrt nicht zur\u00fcckgebracht und dann verkauft hatten.<\/p>\n","protected":false},"excerpt":{"rendered":"Ein Mann aus Mannheim wollte im Fr\u00fchjahr sein Auto in Rum\u00e4nien verkaufen. Der BMW wurde nach einer Probefahrt&hellip;\n","protected":false},"author":2,"featured_media":640812,"comment_status":"","ping_status":"","sticky":false,"template":"","format":"standard","meta":{"footnotes":""},"categories":[1845],"tags":[1634,3364,29,548,663,3934,30,13,2096,14,15,12],"class_list":{"0":"post-640811","1":"post","2":"type-post","3":"status-publish","4":"format-standard","5":"has-post-thumbnail","7":"category-mannheim","8":"tag-baden-wuerttemberg","9":"tag-de","10":"tag-deutschland","11":"tag-eu","12":"tag-europa","13":"tag-europe","14":"tag-germany","15":"tag-headlines","16":"tag-mannheim","17":"tag-nachrichten","18":"tag-news","19":"tag-schlagzeilen"},"share_on_mastodon":{"url":"https:\/\/pubeurope.com\/@de\/115705082267952718","error":""},"_links":{"self":[{"href":"https:\/\/www.europesays.com\/de\/wp-json\/wp\/v2\/posts\/640811","targetHints":{"allow":["GET"]}}],"collection":[{"href":"https:\/\/www.europesays.com\/de\/wp-json\/wp\/v2\/posts"}],"about":[{"href":"https:\/\/www.europesays.com\/de\/wp-json\/wp\/v2\/types\/post"}],"author":[{"embeddable":true,"href":"https:\/\/www.europesays.com\/de\/wp-json\/wp\/v2\/users\/2"}],"replies":[{"embeddable":true,"href":"https:\/\/www.europesays.com\/de\/wp-json\/wp\/v2\/comments?post=640811"}],"version-history":[{"count":0,"href":"https:\/\/www.europesays.com\/de\/wp-json\/wp\/v2\/posts\/640811\/revisions"}],"wp:featuredmedia":[{"embeddable":true,"href":"https:\/\/www.europesays.com\/de\/wp-json\/wp\/v2\/media\/640812"}],"wp:attachment":[{"href":"https:\/\/www.europesays.com\/de\/wp-json\/wp\/v2\/media?parent=640811"}],"wp:term":[{"taxonomy":"category","embeddable":true,"href":"https:\/\/www.europesays.com\/de\/wp-json\/wp\/v2\/categories?post=640811"},{"taxonomy":"post_tag","embeddable":true,"href":"https:\/\/www.europesays.com\/de\/wp-json\/wp\/v2\/tags?post=640811"}],"curies":[{"name":"wp","href":"https:\/\/api.w.org\/{rel}","templated":true}]}}