{"id":641030,"date":"2025-12-12T08:13:15","date_gmt":"2025-12-12T08:13:15","guid":{"rendered":"https:\/\/www.europesays.com\/de\/641030\/"},"modified":"2025-12-12T08:13:15","modified_gmt":"2025-12-12T08:13:15","slug":"deniz-undav-kritisiert-team-nach-sieg-gegen-maccabi","status":"publish","type":"post","link":"https:\/\/www.europesays.com\/de\/641030\/","title":{"rendered":"Deniz Undav kritisiert Team nach Sieg gegen Maccabi"},"content":{"rendered":"<p>Trotz deutlichem Sieg <\/p>\n<p>Nationalspieler \u00e4rgert sich: &#8222;Ist einfach eine Mentalit\u00e4tsfrage&#8220;<\/p>\n<p>12.12.2025 &#8211; 09:04 UhrLesedauer: 2 Min.<\/p>\n<p><a href=\"#focus-0\" class=\"transition-colors duration-200 block text-current relative\" data-sctrack=\"FocusGalleryImage.Reference\"><img fetchpriority=\"high\" data-testid=\"Opener.Image\" style=\"--lqipURL:url('https:\/\/images.t-online.de\/2025\/12\/D8LejIUdmG70\/0x11:2048x1152\/fit-in\/150x0\/filters:blur(25)\/tiago-tomas-l-deniz-undav-m-und-chris-fuehrich-jubeln-stuttgart-siegte-souveraen-gegen-maccabi.jpg')\"   loading=\"eager\" src=\"https:\/\/www.europesays.com\/de\/wp-content\/uploads\/2025\/12\/tiago-tomas-l-deniz-undav-m-und-chris-fuehrich-jubeln-stuttgart-siegte-souveraen-gegen-maccabi.jpg\" alt=\"Tiago Tom\u00e1s (l.), Deniz Undav (M.) und Chris F\u00fchrich jubeln: Stuttgart siegte souver\u00e4n gegen Maccabi.\" title=\"Tiago Tom\u00e1s (l.), Deniz Undav (M.) und Chris F\u00fchrich jubeln: Stuttgart siegte souver\u00e4n gegen Maccabi.\" width=\"2048\" height=\"1152\" class=\"bg-[url:var(--lqipURL)] bg-cover bg-center flex h-full w-full max-w-full\" decoding=\"async\"\/><img style=\"--width:32;--height:32\" loading=\"lazy\" src=\"https:\/\/www.t-online.de\/s\/paper\/_next\/static\/media\/zoom-in.f7dae02f.svg\" alt=\"Vergr\u00f6\u00dfern des Bildes\" title=\"Vergr\u00f6\u00dfern des Bildes\" class=\"block h-[calc(var(--height)_\/_16_*_1rem)] w-[calc(var(--width)_\/_16_*_1rem)] max-w-none absolute bottom-8 right-8 rounded-4 bg-snow p-8\" decoding=\"async\"\/><\/a><\/p>\n<p>Tiago Tom\u00e1s (l.), Deniz Undav (M.) und Chris F\u00fchrich jubeln: Stuttgart siegte souver\u00e4n gegen Maccabi. (Quelle: Heiko Becker)<\/p>\n<p class=\"font-bold text-18 leading-17\">Deniz Undav zeigt sich nach dem 4:1-Erfolg des VfB Stuttgart unzufrieden mit der Spielweise. Ein Gegentor f\u00fchrt zu Diskussionen \u00fcber die Einstellung des Teams.<\/p>\n<p class=\"text-18 leading-17\">Der <a class=\"transition-colors duration-200 cursor-pointer text-inherit no-underline text-salemsfur md:hover:text-magenta md:hover:border-magenta md:focus:text-magenta border-current border-b border-solid break-words\" href=\"https:\/\/www.t-online.de\/themen\/vfb-stuttgart\/\" data-sctrack=\"BodyAnchor\" target=\"_blank\" rel=\"noopener\">VfB Stuttgart<\/a> hat in der Europa League mit einem 4:1-Sieg gegen Maccabi Tel Aviv seine Position f\u00fcr die direkte Achtelfinal-Qualifikation gest\u00e4rkt. Trotz des Erfolgs \u00e4u\u00dferte Spieler <a class=\"transition-colors duration-200 cursor-pointer text-inherit no-underline text-salemsfur md:hover:text-magenta md:hover:border-magenta md:focus:text-magenta border-current border-b border-solid break-words\" href=\"https:\/\/www.t-online.de\/themen\/deniz-undav\/\" data-sctrack=\"BodyAnchor\" target=\"_blank\" rel=\"noopener\">Deniz Undav<\/a> Unzufriedenheit \u00fcber die Spielweise in der zweiten H\u00e4lfte \u2013 insbesondere aufgrund des Gegentreffers.<\/p>\n<p class=\"text-18 leading-17\">&#8222;Ich bin froh, dass wir gewonnen haben&#8220;, sagte er bei RTL+, f\u00fcgte jedoch hinzu: &#8222;Mit der Art und Weise bin ich nicht zufrieden.&#8220; Besonders der Bruch im Spiel nach dem 3:0 durch Maximilian Mittelst\u00e4dt st\u00f6rte ihn. &#8222;Da haben wir wieder fahrig gespielt, wir hatten nicht mehr die Lockerheit, jeder wollte irgendwas machen&#8220;, bem\u00e4ngelte Undav.<\/p>\n<p class=\"text-18 leading-17\">Der Gegentreffer in der 52. Minute durch Roy Revivo f\u00fchrte zu zus\u00e4tzlichem Unmut. &#8222;Das Gegentor hat mich richtig aufgeregt, weil das sind Sachen, die wir vorher ansprechen. Und die d\u00fcrfen halt nicht passieren. Das ist keine Qualit\u00e4tsfrage. Das ist einfach eine Mentalit\u00e4tsfrage&#8220;, erkl\u00e4rte Undav weiter.<\/p>\n<p class=\"text-18 leading-17\">Auch Torh\u00fcter <a class=\"transition-colors duration-200 cursor-pointer text-inherit no-underline text-salemsfur md:hover:text-magenta md:hover:border-magenta md:focus:text-magenta border-current border-b border-solid break-words\" href=\"https:\/\/www.t-online.de\/themen\/alexander-nuebel\/\" data-sctrack=\"BodyAnchor\" target=\"_blank\" rel=\"noopener\">Alexander N\u00fcbel<\/a> \u00e4u\u00dferte sich kritisch zur Spielweise des VfB, verwies auch auf die vorherige 0:5-Pleite gegen den <a class=\"transition-colors duration-200 cursor-pointer text-inherit no-underline text-salemsfur md:hover:text-magenta md:hover:border-magenta md:focus:text-magenta border-current border-b border-solid break-words\" href=\"https:\/\/www.t-online.de\/themen\/fc-bayern-muenchen\/\" data-sctrack=\"BodyAnchor\" target=\"_blank\" rel=\"noopener\">FC Bayern<\/a>. &#8222;Wir hatten am Wochenende einen Gegner, der bis zum Ende durchgespielt. Das wollen wir auch. Haben wir nicht. Und so laden wir die gegnerische Mannschaft immer ein&#8220;, sagte N\u00fcbel.<\/p>\n<p class=\"text-18 leading-17\">Trotz der Kritik steht der VfB Stuttgart in der Europa League gut da. Mit zw\u00f6lf Punkten belegt das Team von Trainer <a class=\"transition-colors duration-200 cursor-pointer text-inherit no-underline text-salemsfur md:hover:text-magenta md:hover:border-magenta md:focus:text-magenta border-current border-b border-solid break-words\" href=\"https:\/\/www.t-online.de\/themen\/sebastian-hoeness\/\" data-sctrack=\"BodyAnchor\" target=\"_blank\" rel=\"noopener\">Sebastian Hoene\u00df<\/a> Rang neun. Die Teilnahme an der K.-o.-Runde ist bei f\u00fcnf Punkten Vorsprung auf Rang 25 nahezu sicher. Maximilian Mittelst\u00e4dt hob die Bedeutung des Sieges hervor: &#8222;Am Ende war es wichtig, dass wir das Spiel gewonnen haben, um da oben dranzubleiben.&#8220; In den verbleibenden Spielen trifft der VfB noch auf die <a class=\"transition-colors duration-200 cursor-pointer text-inherit no-underline text-salemsfur md:hover:text-magenta md:hover:border-magenta md:focus:text-magenta border-current border-b border-solid break-words\" href=\"https:\/\/www.t-online.de\/themen\/as-rom\/\" data-sctrack=\"BodyAnchor\" target=\"_blank\" rel=\"noopener\">AS Rom<\/a> und die <a class=\"transition-colors duration-200 cursor-pointer text-inherit no-underline text-salemsfur md:hover:text-magenta md:hover:border-magenta md:focus:text-magenta border-current border-b border-solid break-words\" href=\"https:\/\/www.t-online.de\/themen\/young-boys-bern\/\" data-sctrack=\"BodyAnchor\" target=\"_blank\" rel=\"noopener\">Young Boys Bern<\/a>.<\/p>\n","protected":false},"excerpt":{"rendered":"Trotz deutlichem Sieg Nationalspieler \u00e4rgert sich: &#8222;Ist einfach eine Mentalit\u00e4tsfrage&#8220; 12.12.2025 &#8211; 09:04 UhrLesedauer: 2 Min. Tiago Tom\u00e1s&hellip;\n","protected":false},"author":2,"featured_media":641031,"comment_status":"","ping_status":"","sticky":false,"template":"","format":"standard","meta":{"footnotes":""},"categories":[1830],"tags":[722,17161,3569,1634,75287,3364,29,5855,23844,30,116795,26316,151044,640,100625,1441,61355,2915],"class_list":{"0":"post-641030","1":"post","2":"type-post","3":"status-publish","4":"format-standard","5":"has-post-thumbnail","7":"category-stuttgart","8":"tag-722","9":"tag-17161","10":"tag-alexander-nuebel","11":"tag-baden-wuerttemberg","12":"tag-chris-fuehrich","13":"tag-de","14":"tag-deutschland","15":"tag-europa-league","16":"tag-gegentor","17":"tag-germany","18":"tag-maccabi-tel-aviv","19":"tag-maximilian-mittelstaedt","20":"tag-mentalitaetsfrage","21":"tag-rtl","22":"tag-spielweise","23":"tag-stuttgart","24":"tag-tiago","25":"tag-vfb-stuttgart"},"share_on_mastodon":{"url":"https:\/\/pubeurope.com\/@de\/115705599033761540","error":""},"_links":{"self":[{"href":"https:\/\/www.europesays.com\/de\/wp-json\/wp\/v2\/posts\/641030","targetHints":{"allow":["GET"]}}],"collection":[{"href":"https:\/\/www.europesays.com\/de\/wp-json\/wp\/v2\/posts"}],"about":[{"href":"https:\/\/www.europesays.com\/de\/wp-json\/wp\/v2\/types\/post"}],"author":[{"embeddable":true,"href":"https:\/\/www.europesays.com\/de\/wp-json\/wp\/v2\/users\/2"}],"replies":[{"embeddable":true,"href":"https:\/\/www.europesays.com\/de\/wp-json\/wp\/v2\/comments?post=641030"}],"version-history":[{"count":0,"href":"https:\/\/www.europesays.com\/de\/wp-json\/wp\/v2\/posts\/641030\/revisions"}],"wp:featuredmedia":[{"embeddable":true,"href":"https:\/\/www.europesays.com\/de\/wp-json\/wp\/v2\/media\/641031"}],"wp:attachment":[{"href":"https:\/\/www.europesays.com\/de\/wp-json\/wp\/v2\/media?parent=641030"}],"wp:term":[{"taxonomy":"category","embeddable":true,"href":"https:\/\/www.europesays.com\/de\/wp-json\/wp\/v2\/categories?post=641030"},{"taxonomy":"post_tag","embeddable":true,"href":"https:\/\/www.europesays.com\/de\/wp-json\/wp\/v2\/tags?post=641030"}],"curies":[{"name":"wp","href":"https:\/\/api.w.org\/{rel}","templated":true}]}}