{"id":641196,"date":"2025-12-12T09:54:14","date_gmt":"2025-12-12T09:54:14","guid":{"rendered":"https:\/\/www.europesays.com\/de\/641196\/"},"modified":"2025-12-12T09:54:14","modified_gmt":"2025-12-12T09:54:14","slug":"berlin-brandenburg-wie-strassenmeistereien-fuer-den-winter-geruestet-sind","status":"publish","type":"post","link":"https:\/\/www.europesays.com\/de\/641196\/","title":{"rendered":"Berlin &#038; Brandenburg: Wie Stra\u00dfenmeistereien f\u00fcr den Winter ger\u00fcstet sind"},"content":{"rendered":"<p>Berlin &amp; BrandenburgWie Stra\u00dfenmeistereien f\u00fcr den Winter ger\u00fcstet sind<img decoding=\"async\" class=\"Image_img__fQCi0 Image_Img_16_9__4BLfH\" loading=\"eager\" fetchpriority=\"high\" src=\"https:\/\/www.europesays.com\/de\/wp-content\/uploads\/2025\/12\/In-einer-Salzlagerhalle-tuermt-sich-das-Streumittel-fuer-den-Winterdienst.webp.webp\" alt=\"In-einer-Salzlagerhalle-tuermt-sich-das-Streumittel-fuer-den-Winterdienst\"\/>TeilenFolgen auf:<a href=\"https:\/\/www.whatsapp.com\/channel\/0029Va5cdVJD8SDp5YZgYF01\" title=\"Auf WhatsApp folgen\" target=\"_blank\" rel=\"noopener\"><img decoding=\"async\" src=\"https:\/\/www.n-tv.de\/socialIcons\/whatsapp.svg\" alt=\"whatsapp\" class=\"ArticleShare_icon__FsrC2\"\/><\/a><a href=\"https:\/\/news.google.com\/publications\/CAAiEPMdif5mpRNxiLOeUpHCwwsqFAgKIhDzHYn-ZqUTcYiznlKRwsML?hl=de&amp;gl=DE&amp;ceid=DE%3Ade\" title=\"Auf Google News folgen\" target=\"_blank\" rel=\"noopener\"><img decoding=\"async\" src=\"https:\/\/www.n-tv.de\/socialIcons\/google.svg\" alt=\"whatsapp\" class=\"ArticleShare_icon__FsrC2\"\/><\/a><\/p>\n<p class=\"Typography_text-m__XI0da Typography_weight-bold__uT6mq storyline_lead_text_leadtext__q_wg8\">Brandenburgs Winterdienst steht bereit: 33 Stra\u00dfenmeistereien und mehr als 250 Fahrzeuge sollen f\u00fcr sichere Stra\u00dfen sorgen. Aber die Wetteraussichten sind auch f\u00fcr den dritten Advent wenig winterlich.<\/p>\n<p class=\"Typography_text-default__P3otY Typography_weight-normal__pqUbH storyline_paragraph_p__qSR5N\">Rathenow (dpa\/bb) &#8211; Brandenburgs Stra\u00dfenmeistereien sind f\u00fcr Eis und Schnee ger\u00fcstet &#8211; auch wenn in den kommenden Tagen kaum Winterwetter in Sicht ist. Verkehrsminister Detlef Tabbert (BSW), der am Vormittag die Stra\u00dfenmeisterei in Rathenow besuchte, appellierte auch an die Autofahrer, ihre Fahrweise bei Gl\u00e4tte anzupassen.<\/p>\n<p>Einige Daten zum Winterdienst in Brandenburg<\/p>\n<p class=\"Typography_text-default__P3otY Typography_weight-normal__pqUbH storyline_paragraph_p__qSR5N\">&#8211; Rund 35.000 Tonnen Salz lagert der Landesbetrieb Stra\u00dfenwesen derzeit ein.<\/p>\n<p class=\"Typography_text-default__P3otY Typography_weight-normal__pqUbH storyline_paragraph_p__qSR5N\">&#8211; 33 Stra\u00dfenmeistereien im Bundesland organisieren den Winterdienst, wie das Verkehrsministerium mitteilte.<\/p>\n<p class=\"Typography_text-default__P3otY Typography_weight-normal__pqUbH storyline_paragraph_p__qSR5N\">&#8211; Die Einsatzteams sind von 3.00 Uhr morgens bis 22.00 Uhr im Dienst.<\/p>\n<p class=\"Typography_text-default__P3otY Typography_weight-normal__pqUbH storyline_paragraph_p__qSR5N\">&#8211; Sie betreuen unter anderem rund 6.300 Kilometer Bundes &#8211; und Landesstra\u00dfen. Dazu kommen kleinere Stra\u00dfen in den St\u00e4dten und Gemeinden und auch Radwege.<\/p>\n<p class=\"Typography_text-default__P3otY Typography_weight-normal__pqUbH storyline_paragraph_p__qSR5N\">&#8211; Mehr als 250 moderne Streu- und R\u00e4umfahrzeuge k\u00f6nnen nach Beh\u00f6rdenangaben f\u00fcr den Winterdienst eingesetzt werden.<\/p>\n<p class=\"Typography_text-default__P3otY Typography_weight-normal__pqUbH storyline_paragraph_p__qSR5N\">&#8211; Fast 970 Besch\u00e4ftigte des Landesbetriebs Stra\u00dfenwesen und beauftragter Unternehmen stehen bereit.<\/p>\n<p>Umweltbelastung beim Streuen im Blick<\/p>\n<p class=\"Typography_text-default__P3otY Typography_weight-normal__pqUbH storyline_paragraph_p__qSR5N\">Als Neuerung bezeichnete das Verkehrsministerium den verst\u00e4rkten Einsatz einer umweltfreundlichen Soletechnologie. Es k\u00e4men zum Schutz vor Glatteisbildung spezielle Tausalzl\u00f6sungen zum Einsatz, so dass Streusalz eingespart werde. Damit werde auch die Umweltbelastung verringert, hie\u00df es.<\/p>\n<p>Ohne Wetterdaten geht nichts<\/p>\n<p class=\"Typography_text-default__P3otY Typography_weight-normal__pqUbH storyline_paragraph_p__qSR5N\">Gesteuert wird der Winterdienst mit Hilfe eines Wetter-Monitorings: 30 Messstellen an den Autobahnen liefern alle 15 Minuten Daten \u00fcber Boden- und Lufttemperaturen, Wind, Luftfeuchtigkeit und Niederschlag. Die Werte flie\u00dfen direkt in das bundesweite Stra\u00dfenzustands- und Wetterinformationssystem und werden mit Prognosen des Deutschen Wetterdienstes abgeglichen.<\/p>\n<p class=\"Typography_text-s__wu_cm Typography_weight-normal__pqUbH Typography_color-darkgrey__sZEnP article-detail-footer_source__KslPc\">Quelle: dpa<\/p>\n","protected":false},"excerpt":{"rendered":"Berlin &amp; BrandenburgWie Stra\u00dfenmeistereien f\u00fcr den Winter ger\u00fcstet sindTeilenFolgen auf: Brandenburgs Winterdienst steht bereit: 33 Stra\u00dfenmeistereien und mehr&hellip;\n","protected":false},"author":2,"featured_media":641197,"comment_status":"","ping_status":"","sticky":false,"template":"","format":"standard","meta":{"footnotes":""},"categories":[1816],"tags":[1960,1958,1959,1957,1956,1890,29,30],"class_list":{"0":"post-641196","1":"post","2":"type-post","3":"status-publish","4":"format-standard","5":"has-post-thumbnail","7":"category-brandenburg","8":"tag-aktuelle-nachrichten-aus-berlin-und-brandenburg","9":"tag-aktuelle-nachrichten-aus-brandenburg","10":"tag-aktuelle-news-aus-berlin-und-brandenburg","11":"tag-aktuelle-news-aus-brandenburg","12":"tag-berlin-und-brandenburg","13":"tag-brandenburg","14":"tag-deutschland","15":"tag-germany"},"share_on_mastodon":{"url":"https:\/\/pubeurope.com\/@de\/115705996861281269","error":""},"_links":{"self":[{"href":"https:\/\/www.europesays.com\/de\/wp-json\/wp\/v2\/posts\/641196","targetHints":{"allow":["GET"]}}],"collection":[{"href":"https:\/\/www.europesays.com\/de\/wp-json\/wp\/v2\/posts"}],"about":[{"href":"https:\/\/www.europesays.com\/de\/wp-json\/wp\/v2\/types\/post"}],"author":[{"embeddable":true,"href":"https:\/\/www.europesays.com\/de\/wp-json\/wp\/v2\/users\/2"}],"replies":[{"embeddable":true,"href":"https:\/\/www.europesays.com\/de\/wp-json\/wp\/v2\/comments?post=641196"}],"version-history":[{"count":0,"href":"https:\/\/www.europesays.com\/de\/wp-json\/wp\/v2\/posts\/641196\/revisions"}],"wp:featuredmedia":[{"embeddable":true,"href":"https:\/\/www.europesays.com\/de\/wp-json\/wp\/v2\/media\/641197"}],"wp:attachment":[{"href":"https:\/\/www.europesays.com\/de\/wp-json\/wp\/v2\/media?parent=641196"}],"wp:term":[{"taxonomy":"category","embeddable":true,"href":"https:\/\/www.europesays.com\/de\/wp-json\/wp\/v2\/categories?post=641196"},{"taxonomy":"post_tag","embeddable":true,"href":"https:\/\/www.europesays.com\/de\/wp-json\/wp\/v2\/tags?post=641196"}],"curies":[{"name":"wp","href":"https:\/\/api.w.org\/{rel}","templated":true}]}}