{"id":641662,"date":"2025-12-12T14:57:19","date_gmt":"2025-12-12T14:57:19","guid":{"rendered":"https:\/\/www.europesays.com\/de\/641662\/"},"modified":"2025-12-12T14:57:19","modified_gmt":"2025-12-12T14:57:19","slug":"prinzessin-amalia-im-146-jahre-diadem-und-mega-dekollete-unterhaltung","status":"publish","type":"post","link":"https:\/\/www.europesays.com\/de\/641662\/","title":{"rendered":"Prinzessin Amalia im 146-Jahre-Diadem und Mega-Dekollet\u00e9 | Unterhaltung"},"content":{"rendered":"<p>Amsterdam \u2013 <b>Opulente Roben, glitzernde Klunker und viel blaues Blut! Die niederl\u00e4ndische K\u00f6nigsfamilie erhielt am Donnerstag hohen Staatsbesuch vom finnischen Pr\u00e4sidentenpaar. F\u00fcr Prinzessin Amalia war es erst das vierte Staatsbankett, doch die Thronfolgerin stahl am Abend allen die Show. <\/b><\/p>\n<p>Es wird noch einige Zeit dauern, bis Amalia ihren Vater, K\u00f6nig Willem-Alexander, auf dem Thron abl\u00f6st. Doch in den vergangenen Jahren hat die Kronprinzessin mehr und mehr repr\u00e4sentative Aufgaben innerhalb des K\u00f6nigshauses \u00fcbernommen und zeigte am Donnerstagabend, dass sie auch optisch einer zuk\u00fcnftigen K\u00f6nigin w\u00fcrdig ist. <\/p>\n<p><img decoding=\"async\" width=\"992\" height=\"661\" alt=\"Kronprinzessin Amalia, Pr\u00e4sidenten-Gattin Suzanne Innes-Stubb (55), der finnische Pr\u00e4sident Alexander Stubb (57), K\u00f6nig Willem-Alexander (58) und K\u00f6nigin M\u00e1xima (54) beim Empfang des Banketts im Paleis op de Dam\" src=\"https:\/\/www.europesays.com\/de\/wp-content\/uploads\/2025\/12\/15b2b46638ecd3c947c1f53962e0aadd,957b7b80\"   class=\"dynamic\" loading=\"lazy\"\/><\/p>\n<p class=\"fig__caption__text\">Kronprinzessin Amalia, Pr\u00e4sidenten-Gattin Suzanne Innes-Stubb (55), der finnische Pr\u00e4sident Alexander Stubb (57), K\u00f6nig Willem-Alexander (58) und K\u00f6nigin M\u00e1xima (54, v.l.) beim Empfang des Banketts im Paleis op de Dam <\/p>\n<p>Foto: picture alliance \/ Royal Press Europe<\/p>\n<p>Prinzessin Amalia zog alle Blicke auf sich<\/p>\n<p>Kronprinzessin Amalia trug ein bodenlanges Kleid von Jenny Packham. Die britische Designerin ist der Liebling vieler Royal-Damen. Hingucker der buttergelben Robe mit T\u00fcllrock: der XXL-Ausschnitt \u2013 so offenherzig hat man Amalia selten gesehen. <\/p>\n<p><img decoding=\"async\" width=\"992\" height=\"1677\" alt=\"Amalia leistet sich einen Mini-Fauxpas: Die royale Etikette besagt, dass eine Sch\u00e4rpe nicht die nackte Haut ber\u00fchren darf\" src=\"https:\/\/www.europesays.com\/de\/wp-content\/uploads\/2025\/12\/004cbd0aeab3d5a6356f657f96f347f9,51fbf6b4\"   class=\"dynamic\" loading=\"lazy\"\/><\/p>\n<p class=\"fig__caption__text\">Amalia leistet sich einen Mini-Fauxpas: Die royale Etikette besagt, dass eine Sch\u00e4rpe nicht die nackte Haut ber\u00fchren darf<\/p>\n<p>Foto: ddp\/PPE<\/p>\n<p>Zu ihrem Kleid trug sie eine passende Stola und aus repr\u00e4sentativen Gr\u00fcnden eine Sch\u00e4rpe des niederl\u00e4ndischen K\u00f6nigshauses. W\u00e4hrend Make-up und Haare schlicht gehalten waren, zogen vorrangig die Klunker der Prinzessin alle Blicke auf sich. <\/p>\n<p>Mehr zum ThemaDie Diamant-Bandeau-Tiara ist 146 Jahre alt<\/p>\n<p>Ihre sogenannte Diamant-Bandeau-Tiara kann auf eine lange Geschichte zur\u00fcckblicken. K\u00f6nigin Emma (\u202075) erhielt das Schmuckst\u00fcck 1879 zu ihrer Hochzeit. Laut dem Hofjuwelier besteht die Tiara aus \u00fcber 100 Karat Diamanten und war urspr\u00fcnglich eine Halskette. In den 30ern lie\u00df K\u00f6nigin Wilhelmina die Halskette ihrer Mutter zu einer Tiara umarbeiten. In j\u00fcngster Zeit f\u00fchrte <a href=\"https:\/\/www.bild.de\/themen\/personen\/koenigin-maxima\/royals-nachrichten-news-fotos-videos-30709478.bild.html\" class=\"text-link\" target=\"_blank\" rel=\"noopener\">K\u00f6nigin M\u00e1xima<\/a> das Schmuckst\u00fcck h\u00e4ufig aus, nun wurde Amalia diese Ehre zuteil.<\/p>\n<p><img decoding=\"async\" width=\"992\" height=\"944\" alt=\"Einst geh\u00f6rten die Schmuckst\u00fccke der Urururgro\u00dfmutter von Prinzessin Amalia. K\u00f6nigin Emma erhielt sie zur Hochzeit mit K\u00f6nig Wilhelm III. der Niederlande am 7. Januar 1879 in Arolsen\" src=\"https:\/\/www.europesays.com\/de\/wp-content\/uploads\/2025\/12\/a4a4ae96348e43692126ce97a5efeef8,f5a16c6e\"   class=\"dynamic\" loading=\"lazy\"\/><\/p>\n<p class=\"fig__caption__text\">Einst geh\u00f6rten die Schmuckst\u00fccke der Urururgro\u00dfmutter von Prinzessin Amalia. K\u00f6nigin Emma (\u202075) erhielt sie zur Hochzeit mit K\u00f6nig Wilhelm III. der Niederlande (\u202073) am 7. Januar 1879 in Arolsen<\/p>\n<p>Foto: Shutterstock<\/p>\n<p>Auch ihre opulente Kette stammt aus dem Besitz von K\u00f6nigin Emma und besteht im Wesentlichen aus zwei Teilen: einer Brosche und einer diamantenen Rivi\u00e8re-Halskette. Der imposante, 30 Karat schwere, hellgelbe Diamant kann abgenommen und als Anh\u00e4nger an der Halskette getragen werden \u2013 wie Amalia es am Donnerstag tat. <\/p>\n","protected":false},"excerpt":{"rendered":"Amsterdam \u2013 Opulente Roben, glitzernde Klunker und viel blaues Blut! Die niederl\u00e4ndische K\u00f6nigsfamilie erhielt am Donnerstag hohen Staatsbesuch&hellip;\n","protected":false},"author":2,"featured_media":641663,"comment_status":"","ping_status":"","sticky":false,"template":"","format":"standard","meta":{"footnotes":""},"categories":[155],"tags":[29,214,30,61872,61873,28863,61874,119987,45,215],"class_list":{"0":"post-641662","1":"post","2":"type-post","3":"status-publish","4":"format-standard","5":"has-post-thumbnail","7":"category-unterhaltung","8":"tag-deutschland","9":"tag-entertainment","10":"tag-germany","11":"tag-hollaendische-royals","12":"tag-koenig-willem-alexander-der-niederlande","13":"tag-koenigin-maxima","14":"tag-prinzessin-beatrix-der-niederlande","15":"tag-prinzessin-catharina-amalia-der-niederlande","16":"tag-texttospeech","17":"tag-unterhaltung"},"share_on_mastodon":{"url":"https:\/\/pubeurope.com\/@de\/115707186187489953","error":""},"_links":{"self":[{"href":"https:\/\/www.europesays.com\/de\/wp-json\/wp\/v2\/posts\/641662","targetHints":{"allow":["GET"]}}],"collection":[{"href":"https:\/\/www.europesays.com\/de\/wp-json\/wp\/v2\/posts"}],"about":[{"href":"https:\/\/www.europesays.com\/de\/wp-json\/wp\/v2\/types\/post"}],"author":[{"embeddable":true,"href":"https:\/\/www.europesays.com\/de\/wp-json\/wp\/v2\/users\/2"}],"replies":[{"embeddable":true,"href":"https:\/\/www.europesays.com\/de\/wp-json\/wp\/v2\/comments?post=641662"}],"version-history":[{"count":0,"href":"https:\/\/www.europesays.com\/de\/wp-json\/wp\/v2\/posts\/641662\/revisions"}],"wp:featuredmedia":[{"embeddable":true,"href":"https:\/\/www.europesays.com\/de\/wp-json\/wp\/v2\/media\/641663"}],"wp:attachment":[{"href":"https:\/\/www.europesays.com\/de\/wp-json\/wp\/v2\/media?parent=641662"}],"wp:term":[{"taxonomy":"category","embeddable":true,"href":"https:\/\/www.europesays.com\/de\/wp-json\/wp\/v2\/categories?post=641662"},{"taxonomy":"post_tag","embeddable":true,"href":"https:\/\/www.europesays.com\/de\/wp-json\/wp\/v2\/tags?post=641662"}],"curies":[{"name":"wp","href":"https:\/\/api.w.org\/{rel}","templated":true}]}}