{"id":641800,"date":"2025-12-12T16:28:18","date_gmt":"2025-12-12T16:28:18","guid":{"rendered":"https:\/\/www.europesays.com\/de\/641800\/"},"modified":"2025-12-12T16:28:18","modified_gmt":"2025-12-12T16:28:18","slug":"street-art-und-graffiti-hamburg-nord-soll-legale-flaechen-bekommen","status":"publish","type":"post","link":"https:\/\/www.europesays.com\/de\/641800\/","title":{"rendered":"Street Art und Graffiti: Hamburg-Nord soll legale Fl\u00e4chen bekommen"},"content":{"rendered":"<p>        <img decoding=\"async\" src=\"https:\/\/www.europesays.com\/de\/wp-content\/uploads\/2025\/12\/ndrkulturgespraech-150.webp\" alt=\"Ein Graffiti mit dem Schriftzug &quot;Art?&quot; auf einer Wand\" title=\"Ein Graffiti mit dem Schriftzug &quot;Art?&quot; auf einer Wand | Fotolia\/Bruno Bernier\" class=\"responsive\"\/><\/p>\n<p>AUDIO: Bezirk Nord: Bezirksversammlung beschlie\u00dft legale Graffiti Fl\u00e4chen (1 Min)<\/p>\n<p>\n            Stand: 12.12.2025 12:00 Uhr<\/p>\n<p class=\"preface\">Im Bezirk Hamburg-Nord soll es legale Fl\u00e4chen f\u00fcr Street Art und Graffiti geben. Das hat die Bezirksversammlung beschlossen. Vorbild f\u00fcr legale Graffiti-Fl\u00e4chen im Bezirk sind europ\u00e4ische Metropolen wie Paris und Barcelona, sagt Konstantin Bonfert von der FDP<strong>.<\/strong> \u00a0<\/p>\n<p class=\"\">Laut der Bezirkskoalition aus SPD, CDU und FDP sollen junge Menschen durch den Beschluss ihre k\u00fcnstlerischen Ideen legal und sichtbar umsetzen &#8211; und Wandfl\u00e4chen kreativ gestalten k\u00f6nnen. Welche Fl\u00e4chen im Bezirk daf\u00fcr geeignet sind, soll das Bezirksamt nun pr\u00fcfen, etwa im Austausch mit \u00f6ffentlichen Unternehmen wie der Hochbahn oder der SAGA. Auch Schulen und Jugendzentren in der N\u00e4he der m\u00f6glichen Fl\u00e4chen sollen einbezogen werden.<\/p>\n<p>    Illegales Sprayen durch legales verhindern<\/p>\n<p class=\"\">&#8222;Wir geben jungen Menschen Raum, sich auszudr\u00fccken, st\u00e4rken die kulturelle Vielfalt im Bezirk und beugen Konflikten vor&#8220;, sagt Carsten Gerloff von der SPD-Fraktion im Bezirk Nord. Durch die legalen Fl\u00e4chen k\u00f6nnten auch illegales Sprayen reduziert und Stadtteile belebt werden.<\/p>\n<p>        <img decoding=\"async\" src=\"https:\/\/www.europesays.com\/de\/wp-content\/uploads\/2025\/12\/screenshot-80350.webp\" alt=\"Ray de la Cruz besprayt eine Hauswand.\" title=\"Ray de la Cruz besprayt eine Hauswand. | Screenshot\" class=\"responsive\" loading=\"lazy\"\/><\/p>\n<p>\n                                    2 Min<\/p>\n<p>Graffiti-K\u00fcnstler Ray de la Cruz zeigt den Kindern, wie sie mit Spr\u00fchdosen umgehen und lehrt sie einen respektvollen Umgang untereinander.<\/p>\n<p>        <img decoding=\"async\" src=\"https:\/\/www.europesays.com\/de\/wp-content\/uploads\/2025\/12\/screenshot1928072.webp\" alt=\"Eine Hauswand mit Graffiti des K\u00fcnstlers Rebelzer im Hamburger Hafen.\" title=\"Eine Hauswand mit Graffiti des K\u00fcnstlers Rebelzer im Hamburger Hafen. | Screenshot\" class=\"responsive\" loading=\"lazy\"\/><\/p>\n<p>\n                                    3 Min<\/p>\n<p>Aus dem Hamburger Stadtbild sind sie inzwischen kaum noch wegzudenken &#8211; doch wer ist der K\u00fcnstler hinter den freundlichen Figuren?<\/p>\n<p>        <img decoding=\"async\" src=\"https:\/\/www.europesays.com\/de\/wp-content\/uploads\/2025\/12\/oz178.webp\" alt=\"Der Sprayer Walter Fischer alias &quot;OZ&quot; (\u00a9 SWR\/TESE, f\u00fcr die Sendung &quot;City of OZ&quot; in der ARD Audiothek)\" title=\"Der Sprayer Walter Fischer alias &quot;OZ&quot;, Aufnahme aus der Sendung &quot;Cit of PZ&quot; in der ARD Audiothek | SWR\/TESE\" class=\"responsive\" loading=\"lazy\"\/><\/p>\n<p>In Hamburg hat der Sprayer OZ etwa 120.000 Graffiti hinterlassen. Nach seinem Tod 2014 ist der Umgang mit seinen Werken weiter offen.<\/p>\n<p>Dieses Thema im Programm:<\/p>\n<p>                NDR 90,3 | NDR 90,3 Aktuell | 12.12.2025 | 11:00 Uhr<\/p>\n","protected":false},"excerpt":{"rendered":"AUDIO: Bezirk Nord: Bezirksversammlung beschlie\u00dft legale Graffiti Fl\u00e4chen (1 Min) Stand: 12.12.2025 12:00 Uhr Im Bezirk Hamburg-Nord soll&hellip;\n","protected":false},"author":2,"featured_media":641801,"comment_status":"","ping_status":"","sticky":false,"template":"","format":"standard","meta":{"footnotes":""},"categories":[1775],"tags":[1793,29,214,30,692,1794,215],"class_list":{"0":"post-641800","1":"post","2":"type-post","3":"status-publish","4":"format-standard","5":"has-post-thumbnail","7":"category-kunst-und-design","8":"tag-art-and-design","9":"tag-deutschland","10":"tag-entertainment","11":"tag-germany","12":"tag-hamburg","13":"tag-kunst-und-design","14":"tag-unterhaltung"},"share_on_mastodon":{"url":"https:\/\/pubeurope.com\/@de\/115707544463657620","error":""},"_links":{"self":[{"href":"https:\/\/www.europesays.com\/de\/wp-json\/wp\/v2\/posts\/641800","targetHints":{"allow":["GET"]}}],"collection":[{"href":"https:\/\/www.europesays.com\/de\/wp-json\/wp\/v2\/posts"}],"about":[{"href":"https:\/\/www.europesays.com\/de\/wp-json\/wp\/v2\/types\/post"}],"author":[{"embeddable":true,"href":"https:\/\/www.europesays.com\/de\/wp-json\/wp\/v2\/users\/2"}],"replies":[{"embeddable":true,"href":"https:\/\/www.europesays.com\/de\/wp-json\/wp\/v2\/comments?post=641800"}],"version-history":[{"count":0,"href":"https:\/\/www.europesays.com\/de\/wp-json\/wp\/v2\/posts\/641800\/revisions"}],"wp:featuredmedia":[{"embeddable":true,"href":"https:\/\/www.europesays.com\/de\/wp-json\/wp\/v2\/media\/641801"}],"wp:attachment":[{"href":"https:\/\/www.europesays.com\/de\/wp-json\/wp\/v2\/media?parent=641800"}],"wp:term":[{"taxonomy":"category","embeddable":true,"href":"https:\/\/www.europesays.com\/de\/wp-json\/wp\/v2\/categories?post=641800"},{"taxonomy":"post_tag","embeddable":true,"href":"https:\/\/www.europesays.com\/de\/wp-json\/wp\/v2\/tags?post=641800"}],"curies":[{"name":"wp","href":"https:\/\/api.w.org\/{rel}","templated":true}]}}