{"id":641824,"date":"2025-12-12T16:41:14","date_gmt":"2025-12-12T16:41:14","guid":{"rendered":"https:\/\/www.europesays.com\/de\/641824\/"},"modified":"2025-12-12T16:41:14","modified_gmt":"2025-12-12T16:41:14","slug":"kuenstler-aus-halle-dialog-mit-der-kunst","status":"publish","type":"post","link":"https:\/\/www.europesays.com\/de\/641824\/","title":{"rendered":"K\u00fcnstler aus Halle: Dialog mit der Kunst"},"content":{"rendered":"<p class=\"fp-paragraph\"><strong>Halle\/MZ<\/strong> &#8211;  Die Arbeiten von Simon Baumgart sind faszinierend \u2013 in ihrer Wirkung auf die Betrachtenden und in ihrem Anspruch an den K\u00fcnstler selbst: die Komplexit\u00e4t der eigenen Wahrnehmung wie des Wahrgenommenen nicht aufzul\u00f6sen, sondern  verstehbar zu machen. Und damit eine Ordnung zu schaffen in  komplizierten Kontexten, \u201edie aber auch instabil ist\u201c.  <\/p>\n","protected":false},"excerpt":{"rendered":"Halle\/MZ &#8211; Die Arbeiten von Simon Baumgart sind faszinierend \u2013 in ihrer Wirkung auf die Betrachtenden und in&hellip;\n","protected":false},"author":2,"featured_media":641825,"comment_status":"","ping_status":"","sticky":false,"template":"","format":"standard","meta":{"footnotes":"","_share_on_mastodon":"0"},"categories":[1860],"tags":[3364,29,19404,548,663,3934,30,4062,17332,13,51488,14,15,17331,860,12,151184,151183],"class_list":["post-641824","post","type-post","status-publish","format-standard","has-post-thumbnail","category-halle-saale","tag-de","tag-deutschland","tag-erzgebirge","tag-eu","tag-europa","tag-europe","tag-germany","tag-halle","tag-halle-saale","tag-headlines","tag-kunsthochschule-burg-giebichenstein","tag-nachrichten","tag-news","tag-saale","tag-sachsen-anhalt","tag-schlagzeilen","tag-schwibbogen","tag-simon-baumgart"],"share_on_mastodon":{"url":"https:\/\/pubeurope.com\/@de\/115707595222682874","error":""},"_links":{"self":[{"href":"https:\/\/www.europesays.com\/de\/wp-json\/wp\/v2\/posts\/641824","targetHints":{"allow":["GET"]}}],"collection":[{"href":"https:\/\/www.europesays.com\/de\/wp-json\/wp\/v2\/posts"}],"about":[{"href":"https:\/\/www.europesays.com\/de\/wp-json\/wp\/v2\/types\/post"}],"author":[{"embeddable":true,"href":"https:\/\/www.europesays.com\/de\/wp-json\/wp\/v2\/users\/2"}],"replies":[{"embeddable":true,"href":"https:\/\/www.europesays.com\/de\/wp-json\/wp\/v2\/comments?post=641824"}],"version-history":[{"count":0,"href":"https:\/\/www.europesays.com\/de\/wp-json\/wp\/v2\/posts\/641824\/revisions"}],"wp:featuredmedia":[{"embeddable":true,"href":"https:\/\/www.europesays.com\/de\/wp-json\/wp\/v2\/media\/641825"}],"wp:attachment":[{"href":"https:\/\/www.europesays.com\/de\/wp-json\/wp\/v2\/media?parent=641824"}],"wp:term":[{"taxonomy":"category","embeddable":true,"href":"https:\/\/www.europesays.com\/de\/wp-json\/wp\/v2\/categories?post=641824"},{"taxonomy":"post_tag","embeddable":true,"href":"https:\/\/www.europesays.com\/de\/wp-json\/wp\/v2\/tags?post=641824"}],"curies":[{"name":"wp","href":"https:\/\/api.w.org\/{rel}","templated":true}]}}