{"id":641991,"date":"2025-12-12T18:37:20","date_gmt":"2025-12-12T18:37:20","guid":{"rendered":"https:\/\/www.europesays.com\/de\/641991\/"},"modified":"2025-12-12T18:37:20","modified_gmt":"2025-12-12T18:37:20","slug":"karlsruhe-bekommt-neue-strassenbahnen-mit-wlan-und-toiletten","status":"publish","type":"post","link":"https:\/\/www.europesays.com\/de\/641991\/","title":{"rendered":"Karlsruhe bekommt neue Stra\u00dfenbahnen mit WLAN und Toiletten:"},"content":{"rendered":"<p class=\"mb-6 text-xs md:text-m lg:text-l font-serif group-[.font-sans]:font-sans \">\n    Die erste Tram des Beschaffungsprojekts \u201eVDV-TramTrain\u201c wurde vor kurzem vom Fahrzeughersteller Stadler f\u00fcr die Albtal-Verkehrs-Gesellschaft (AVG) angeliefert. Die Bahn wurde vom Werk in Valencia nach <a href=\"https:\/\/www.ka-news.de\/promis\/karlsruhe-kulturlandschaft-technologieregion-und-residenz-des-rechts-die-faecherstadt-im-ueberblick-art-2783253\" target=\"_self\" class=\"underline \" rel=\"noopener\">Karlsruhe<\/a> transportiert.\n  <\/p>\n<p class=\"mb-6 text-xs md:text-m lg:text-l font-serif group-[.font-sans]:font-sans \">\n    Nun\u00a0beginnt\u00a0das technische Pr\u00fcf- und Zulassungsprogramm sowie Schulungen f\u00fcr das Fahrpersonal und die Werkstattteams. <strong class=\"font-bold\">Die Bahn soll dann voraussichtlich ab Mitte n\u00e4chsten Jahres im regul\u00e4ren Fahrbetrieb eingesetzt werden<\/strong>.\n  <\/p>\n<p class=\"mb-6 text-xs md:text-m lg:text-l font-serif group-[.font-sans]:font-sans \">\n    Das gaben AVG und die Verkehrsbetriebe Karlsruhe (VBK) in einer Mitteilung vom Freitag, 12. Dezember, bekannt.\n  <\/p>\n<p>            Weitere Fahrzeuge sind bestellt<\/p>\n<p class=\"mb-6 text-xs md:text-m lg:text-l font-serif group-[.font-sans]:font-sans \">\n    <strong class=\"font-bold\">Folgende Fahrzeuge<\/strong> wurden \u00fcber die Landesanstalt Schienenfahrzeuge Baden-W\u00fcrttemberg <strong class=\"font-bold\">bestellt:<\/strong>\n  <\/p>\n<ul rel=\"\" class=\"[&amp;&gt;li]:relative list-none  [&amp;&gt;li]:pl-[1.2em] [&amp;&gt;li]:marker:text-[0] [&amp;&gt;li]:relative [&amp;&gt;li]:before:absolute [&amp;&gt;li]:before:w-3 [&amp;&gt;li]:before:h-3 [&amp;&gt;li]:before:bg-brand [&amp;&gt;li]:before:left-0 [&amp;&gt;li]:before:top-[8px] [&amp;&gt;li]:before:rounded-full  my-5\">\n<li class=\" mb-3 text-xs md:text-m lg:text-l\">F\u00fcr die AVG: 75 Fahrzeuge, Option auf 73 weitere Fahrzeuge<\/li>\n<li class=\" mb-3 text-xs md:text-m lg:text-l\">F\u00fcr die VBK: 73 Fahrzeuge, Option auf 52 weitere Fahrzeuge<\/li>\n<\/ul>\n<p class=\"mb-6 text-xs md:text-m lg:text-l font-serif group-[.font-sans]:font-sans \">\n    Weitere Fahrzeuge f\u00fcr AVG und VBK werden ab 2026 sukzessive geliefert. <strong class=\"font-bold\">Das erste Fahrzeug f\u00fcr die VBK wird im Fr\u00fchjahr 2026 erwartet. <\/strong>Die vollst\u00e4ndige Zuf\u00fchrung der Flotten erfolgt \u00fcber mehrere Jahre.\n  <\/p>\n<p>    <img decoding=\"async\" src=\"https:\/\/www.europesays.com\/de\/wp-content\/uploads\/2025\/12\/img-20251212-wa0016.jpg\" alt=\"Die neue Stra\u00dfenbahn der AVG und VBK.\" title=\"Die neue Stra\u00dfenbahn der AVG und VBK.\" class=\"h-full w-full object-cover\"\/><\/p>\n<p>      Icon vergr\u00f6\u00dfern<\/p>\n<p>    Die neue Stra\u00dfenbahn der AVG und VBK.<br \/>\n    Foto: Thomas Riedel<\/p>\n<p>        Schlie\u00dfen <\/p>\n<p>      Icon Schlie\u00dfen<\/p>\n<p>        Icon vergr\u00f6\u00dfern<\/p>\n<p>        Icon verkleinern<\/p>\n<p>      Icon Pfeil bewegen<\/p>\n<p>    Die neue Stra\u00dfenbahn der AVG und VBK.<br \/>\n    Foto: Thomas Riedel<\/p>\n<p class=\"mb-6 text-xs md:text-m lg:text-l font-serif group-[.font-sans]:font-sans \">\n    <strong class=\"font-bold\">Der Lieferzeitraum erstreckt bis 2032. Insgesamt k\u00f6nnen in den Vertr\u00e4gen bis zu 504 Fahrzeuge in Summe abgerufen werden.<\/strong>\n  <\/p>\n<p>            Vorteile der neuen Bahnen<\/p>\n<p class=\"mb-6 text-xs md:text-m lg:text-l font-serif group-[.font-sans]:font-sans \">\n    Die neue Fahrzeuggeneration ist zweisystemf\u00e4hig &#8211; das hei\u00dft, <strong class=\"font-bold\">es kann sowohl im innerst\u00e4dtischen 750-Volt-Netz als auch auf Eisenbahnstrecken mit 15 kV\/16,7 Hz eingesetzt werden.<\/strong>\n  <\/p>\n<p>    <img decoding=\"async\" src=\"https:\/\/www.europesays.com\/de\/wp-content\/uploads\/2025\/12\/screenshot20251212165656whatsapp.jpg\" alt=\"Ein Blick aus der Fahrerkabine der neuen Stra\u00dfenbahnen der AVG.\" title=\"Ein Blick aus der Fahrerkabine der neuen Stra\u00dfenbahnen der AVG.\" class=\"h-full w-full object-cover\"\/><\/p>\n<p>      Icon vergr\u00f6\u00dfern<\/p>\n<p>    Ein Blick aus der Fahrerkabine der neuen Stra\u00dfenbahnen der AVG.<br \/>\n    Foto: Thomas Riedel<\/p>\n<p>        Schlie\u00dfen <\/p>\n<p>      Icon Schlie\u00dfen<\/p>\n<p>        Icon vergr\u00f6\u00dfern<\/p>\n<p>        Icon verkleinern<\/p>\n<p>      Icon Pfeil bewegen<\/p>\n<p>    Ein Blick aus der Fahrerkabine der neuen Stra\u00dfenbahnen der AVG.<br \/>\n    Foto: Thomas Riedel<\/p>\n<p class=\"mb-6 text-xs md:text-m lg:text-l font-serif group-[.font-sans]:font-sans \">\n    <strong class=\"font-bold\">Zur Ausstattung der neuen Bahnen geh\u00f6ren:<\/strong>\n  <\/p>\n<ul rel=\"\" class=\"[&amp;&gt;li]:relative list-none  [&amp;&gt;li]:pl-[1.2em] [&amp;&gt;li]:marker:text-[0] [&amp;&gt;li]:relative [&amp;&gt;li]:before:absolute [&amp;&gt;li]:before:w-3 [&amp;&gt;li]:before:h-3 [&amp;&gt;li]:before:bg-brand [&amp;&gt;li]:before:left-0 [&amp;&gt;li]:before:top-[8px] [&amp;&gt;li]:before:rounded-full  my-5\">\n<li class=\" mb-3 text-xs md:text-m lg:text-l\">WLAN <\/li>\n<li class=\" mb-3 text-xs md:text-m lg:text-l\">Eine Universaltoilette<\/li>\n<li class=\" mb-3 text-xs md:text-m lg:text-l\">Barrierefreie Einstiege<\/li>\n<li class=\" mb-3 text-xs md:text-m lg:text-l\">Vier T\u00fcren pro Seite<\/li>\n<li class=\" mb-3 text-xs md:text-m lg:text-l\">Zwei Mehrzweckbereiche<\/li>\n<li class=\" mb-3 text-xs md:text-m lg:text-l\">Moderne Fahrgastinformation<\/li>\n<li class=\" mb-3 text-xs md:text-m lg:text-l\">Luftfederung f\u00fcr ruhigeren Lauf<\/li>\n<\/ul>\n<p>            Einsparungen bis zu eine Millionen Euro<\/p>\n<p class=\"mb-6 text-xs md:text-m lg:text-l font-serif group-[.font-sans]:font-sans \">\n    Die Fahrzeuge sind Teil einer gemeinsamen Beschaffung mehrerer deutscher und \u00f6sterreichischer Verkehrsunternehmen.\n  <\/p>\n<p>    <img decoding=\"async\" src=\"https:\/\/www.europesays.com\/de\/wp-content\/uploads\/2025\/12\/tramtrain-fahrzeug-avg-ixtacy.jpg\" alt=\"Die neue Stra\u00dfenbahn der AVG und VBK.\" title=\"Die neue Stra\u00dfenbahn der AVG und VBK.\" class=\"h-full w-full object-cover\"\/><\/p>\n<p>      Icon vergr\u00f6\u00dfern<\/p>\n<p>    Die neue Stra\u00dfenbahn der AVG und VBK.<br \/>\n    Foto: \u00a9 Ixtacy GmbH<\/p>\n<p>        Schlie\u00dfen <\/p>\n<p>      Icon Schlie\u00dfen<\/p>\n<p>        Icon vergr\u00f6\u00dfern<\/p>\n<p>        Icon verkleinern<\/p>\n<p>      Icon Pfeil bewegen<\/p>\n<p>    Die neue Stra\u00dfenbahn der AVG und VBK.<br \/>\n    Foto: \u00a9 Ixtacy GmbH<\/p>\n<p class=\"mb-6 text-xs md:text-m lg:text-l font-serif group-[.font-sans]:font-sans \">\n    \u201eMit der Ankunft des ersten Fahrzeugs beginnt f\u00fcr uns der \u00dcbergang in eine neue Fahrzeuggeneration\u201c, sagt AVG- und VBK-Gesch\u00e4ftsf\u00fchrer Prof. Dr. Alexander Pischon. <strong class=\"font-bold\">Die<\/strong> <strong class=\"font-bold\">gemeinsame Beschaffung bringe deutliche wirtschaftliche Vorteile<\/strong> und erm\u00f6gliche einen langfristig stabilen Betrieb des Stadt- und Regionalverkehrs.\n  <\/p>\n<p class=\"mb-6 text-xs md:text-m lg:text-l font-serif group-[.font-sans]:font-sans \">\n    <strong class=\"font-bold\">Bis zu einer Million Euro konnten pro Fahrzeug zum Preisstand Januar 2022 eingespart werden, hei\u00dft es in der Mitteilung.<\/strong>\n  <\/p>\n<ul data-module-id=\"DragDropModule\" class=\"flex flex-wrap justify-start group-[.no-bookmarks]:hidden\">\n<li class=\"mb-3 mr-3\">\n    Pressemitteilung<\/p>\n<p>      Icon Haken im Kreis gesetzt<\/p>\n<p>      Icon Plus im Kreis<\/p>\n<\/li>\n<li class=\"mb-3 mr-3\">\n    Stra\u00dfenbahn<\/p>\n<p>      Icon Haken im Kreis gesetzt<\/p>\n<p>      Icon Plus im Kreis<\/p>\n<\/li>\n<li class=\"mb-3 mr-3\">\n    Karlsruhe<\/p>\n<p>      Icon Haken im Kreis gesetzt<\/p>\n<p>      Icon Plus im Kreis<\/p>\n<\/li>\n<\/ul>\n","protected":false},"excerpt":{"rendered":"Die erste Tram des Beschaffungsprojekts \u201eVDV-TramTrain\u201c wurde vor kurzem vom Fahrzeughersteller Stadler f\u00fcr die Albtal-Verkehrs-Gesellschaft (AVG) angeliefert. Die&hellip;\n","protected":false},"author":2,"featured_media":641992,"comment_status":"","ping_status":"","sticky":false,"template":"","format":"standard","meta":{"footnotes":""},"categories":[1844],"tags":[151217,2161,1634,151216,3364,29,514,30,8903,4900,31594,83797],"class_list":{"0":"post-641991","1":"post","2":"type-post","3":"status-publish","4":"format-standard","5":"has-post-thumbnail","7":"category-karlsruhe","8":"tag-alexander-pischon","9":"tag-avg","10":"tag-baden-wuerttemberg","11":"tag-beschaffungsprojekt","12":"tag-de","13":"tag-deutschland","14":"tag-fahrzeug","15":"tag-germany","16":"tag-karlsruhe","17":"tag-strassenbahn","18":"tag-valencia","19":"tag-vbk"},"share_on_mastodon":{"url":"https:\/\/pubeurope.com\/@de\/115708052961976401","error":""},"_links":{"self":[{"href":"https:\/\/www.europesays.com\/de\/wp-json\/wp\/v2\/posts\/641991","targetHints":{"allow":["GET"]}}],"collection":[{"href":"https:\/\/www.europesays.com\/de\/wp-json\/wp\/v2\/posts"}],"about":[{"href":"https:\/\/www.europesays.com\/de\/wp-json\/wp\/v2\/types\/post"}],"author":[{"embeddable":true,"href":"https:\/\/www.europesays.com\/de\/wp-json\/wp\/v2\/users\/2"}],"replies":[{"embeddable":true,"href":"https:\/\/www.europesays.com\/de\/wp-json\/wp\/v2\/comments?post=641991"}],"version-history":[{"count":0,"href":"https:\/\/www.europesays.com\/de\/wp-json\/wp\/v2\/posts\/641991\/revisions"}],"wp:featuredmedia":[{"embeddable":true,"href":"https:\/\/www.europesays.com\/de\/wp-json\/wp\/v2\/media\/641992"}],"wp:attachment":[{"href":"https:\/\/www.europesays.com\/de\/wp-json\/wp\/v2\/media?parent=641991"}],"wp:term":[{"taxonomy":"category","embeddable":true,"href":"https:\/\/www.europesays.com\/de\/wp-json\/wp\/v2\/categories?post=641991"},{"taxonomy":"post_tag","embeddable":true,"href":"https:\/\/www.europesays.com\/de\/wp-json\/wp\/v2\/tags?post=641991"}],"curies":[{"name":"wp","href":"https:\/\/api.w.org\/{rel}","templated":true}]}}