{"id":642130,"date":"2025-12-12T20:16:18","date_gmt":"2025-12-12T20:16:18","guid":{"rendered":"https:\/\/www.europesays.com\/de\/642130\/"},"modified":"2025-12-12T20:16:18","modified_gmt":"2025-12-12T20:16:18","slug":"14-spieltag-borussia-moenchengladbach-vfl-wolfsburg-vfl-wolfsburg-forum-page-1","status":"publish","type":"post","link":"https:\/\/www.europesays.com\/de\/642130\/","title":{"rendered":"14. Spieltag: Borussia M\u00f6nchengladbach &#8211; VfL Wolfsburg &#8211; VfL Wolfsburg &#8211; Forum | Page 1"},"content":{"rendered":"<p style=\"display: inline;\">Anfangs war Gladbach auch im freien Fall, haben sich aber mit Polanski als Trainer mittlerweile gefangen, so dass ich von einer schweren Partie ausgehe. Durch den Sieg gegen Union d\u00fcrfte man hoffentlich ein wenig Selbstvertrauen getankt haben. Jetzt mit einem weiteren Sieg bei den Fohlen k\u00f6nnte man sich endlich mal ein wenig Luft verschaffen und die Gastgeber sogar noch auf einen Punkt einholen. Mit Honorat fehlt denen ein wichtiger  Mann und auch Scally fehlt aufgrund seiner 5. gelben Karte. Ein Sieg ist dort auf jeden Fall m\u00f6glich und erhoffe mir einen 2:1 f\u00fcr die W\u00f6lfe. Ich sehe sogar die Chance f\u00fcr B\u00fcrger, dass er nochmal seinen Einsatz bekommen wird. So ab der 75.Minute.<\/p>\n<p>\u2022\u00a0\u00a0\u00a0\u00a0\u00a0\u2022\u00a0\u00a0\u00a0\u00a0\u00a0\u2022<\/p>\n<p>    VfL Wolfsburg 25\/26<br \/>\n&#8212;&#8212;&#8212;&#8212;&#8212;&#8212;&#8212;&#8211; xxx\/xxx &#8212;&#8212;&#8212;&#8212;&#8212;&#8212;&#8212;&#8212;<br \/>\nKaminski &#8212;&#8212;&#8211; Amoura &#8212;&#8212;- Skov Olsen\/xxx<br \/>\n&#8212;&#8212;&#8212;&#8212;&#8212;&#8212;&#8212;&#8212;&#8212; Majer &#8212;&#8212;&#8212;&#8212;&#8212;&#8212;&#8212;<br \/>\n&#8212;&#8212;&#8212;&#8212;&#8212;&#8212;&#8212; xxx\/Arnold &#8212;&#8212;&#8212;&#8212;&#8212;&#8212;&#8212;<br \/>\nULLRICH &#8212; Vavro &#8212; Koulirakis &#8212; Maehle<br \/>\n&#8212;&#8212;&#8212;&#8212;&#8212;&#8212;- &#8212;- Grabara &#8212;&#8212;&#8212;&#8212;&#8212;&#8212;&#8211;<br \/>\nBank: M\u00fcller,Pervan,Rogerio,Fischer,Odogu,Gerhardt,Dardai Paredes,<br \/>\nM\u00f6gliche Abg\u00e4nge: Zesiger,Moritz,Vrancx,Bornauw,Roeslev,Wimmer,Wind<\/p>\n","protected":false},"excerpt":{"rendered":"Anfangs war Gladbach auch im freien Fall, haben sich aber mit Polanski als Trainer mittlerweile gefangen, so dass&hellip;\n","protected":false},"author":2,"featured_media":8110,"comment_status":"","ping_status":"","sticky":false,"template":"","format":"standard","meta":{"footnotes":""},"categories":[1849],"tags":[3364,29,548,663,3934,30,13,4455,14,15,1209,12],"class_list":{"0":"post-642130","1":"post","2":"type-post","3":"status-publish","4":"format-standard","5":"has-post-thumbnail","7":"category-moenchengladbach","8":"tag-de","9":"tag-deutschland","10":"tag-eu","11":"tag-europa","12":"tag-europe","13":"tag-germany","14":"tag-headlines","15":"tag-moenchengladbach","16":"tag-nachrichten","17":"tag-news","18":"tag-nordrhein-westfalen","19":"tag-schlagzeilen"},"share_on_mastodon":{"url":"https:\/\/pubeurope.com\/@de\/115708440287258029","error":""},"_links":{"self":[{"href":"https:\/\/www.europesays.com\/de\/wp-json\/wp\/v2\/posts\/642130","targetHints":{"allow":["GET"]}}],"collection":[{"href":"https:\/\/www.europesays.com\/de\/wp-json\/wp\/v2\/posts"}],"about":[{"href":"https:\/\/www.europesays.com\/de\/wp-json\/wp\/v2\/types\/post"}],"author":[{"embeddable":true,"href":"https:\/\/www.europesays.com\/de\/wp-json\/wp\/v2\/users\/2"}],"replies":[{"embeddable":true,"href":"https:\/\/www.europesays.com\/de\/wp-json\/wp\/v2\/comments?post=642130"}],"version-history":[{"count":0,"href":"https:\/\/www.europesays.com\/de\/wp-json\/wp\/v2\/posts\/642130\/revisions"}],"wp:featuredmedia":[{"embeddable":true,"href":"https:\/\/www.europesays.com\/de\/wp-json\/wp\/v2\/media\/8110"}],"wp:attachment":[{"href":"https:\/\/www.europesays.com\/de\/wp-json\/wp\/v2\/media?parent=642130"}],"wp:term":[{"taxonomy":"category","embeddable":true,"href":"https:\/\/www.europesays.com\/de\/wp-json\/wp\/v2\/categories?post=642130"},{"taxonomy":"post_tag","embeddable":true,"href":"https:\/\/www.europesays.com\/de\/wp-json\/wp\/v2\/tags?post=642130"}],"curies":[{"name":"wp","href":"https:\/\/api.w.org\/{rel}","templated":true}]}}