{"id":642213,"date":"2025-12-12T21:20:22","date_gmt":"2025-12-12T21:20:22","guid":{"rendered":"https:\/\/www.europesays.com\/de\/642213\/"},"modified":"2025-12-12T21:20:22","modified_gmt":"2025-12-12T21:20:22","slug":"gewalttaten-in-filderstadt-polizeibekannter-mann-greift-frauen-und-kinder-an-kreis","status":"publish","type":"post","link":"https:\/\/www.europesays.com\/de\/642213\/","title":{"rendered":"Gewalttaten in Filderstadt: Polizeibekannter Mann greift Frauen und Kinder an &#8211; Kreis"},"content":{"rendered":"<p>\t\t\t\t\t\t\t\t\t\t\t\t\t\t\t\t\t\t\t\t\t\t\t\t\t\t\t\t\t\t\t\t\t\t\t\t   \t\t\t\t\t \t\t\t\t   \t      \t\t\t\t   <img decoding=\"async\" id=\"article-image\" fetchpriority=\"high\" alt=\"Gewalttaten in Filderstadt: Polizeibekannter Mann greift Frauen und Kinder an\" title=\"Gewalttaten in Filderstadt: Polizeibekannter Mann greift Frauen und Kinder an\" src=\"https:\/\/www.europesays.com\/de\/wp-content\/uploads\/2025\/12\/media.media.77e23f80-5eb6-4984-aa11-982f71fd437c.original700.jpg\" data-linkto=\"https:\/\/www.esslinger-zeitung.de\/javascript:void(0);\"\/>\t\t\t\t\t\t\t\t\t\t\t\t\t\t\t\t\t\t\t\t\t\t\t\tDer mutma\u00dfliche T\u00e4ter ist inzwischen festgenommen worden.\u00a0Foto: IMAGO\/Fotostand\t\t\t<\/p>\n<p>Ein offenbar polizeibekannter Mann hat am Freitag in Bonlanden Menschen attackiert und verletzt. Bei der Stadt hatte man so etwas offenbar kommen sehen.<\/p>\n<p>In <a href=\"https:\/\/www.esslinger-zeitung.de\/thema\/Filderstadt\" title=\"Filderstadt\" class=\"art_thema\" rel=\"nofollow noopener\" target=\"_blank\">Filderstadt<\/a>-Bonlanden hat ein Mann am Freitagmorgen mehrere Menschen angegriffen und verletzt. Wie aus einer Mitteilung der Stadt hervorgeht, hat der Mann zwei Frauen attackiert, au\u00dferdem zwei Sechstkl\u00e4ssler aus der Realschule Bonlanden, die auf einem Feldweg zwischen Plattenhardt und Bonlanden unterwegs waren.<\/p>\n<p>Im Fall der beiden Frauen berichtet die Stadt von einem Armbruch und H\u00e4matomen am Kopf. Der Polizeisprecher Gerhard Jaudas konkretisiert auf Nachfrage, dass einer der Buben geschlagen worden sei, den anderen habe der T\u00e4ter versucht, vom Fahrrad zu sto\u00dfen. Die Frauen seien wenige Meter entfernt unvermittelt umgesto\u00dfen worden.<\/p>\n<p>Stadt macht die Vorf\u00e4lle proaktiv \u00f6ffentlich <\/p>\n<p>T\u00e4ter und Opfer haben sich offenbar nicht gekannt. \u201eDa wissen wir von keiner Verbindung.\u201c Der T\u00e4ter ist festgenommen worden und wird am Samstag dem Haftrichter vorgef\u00fchrt. Wom\u00f6glich hat der Mann noch mehr auf dem Kerbholz, denn laut Gerhard Jaudas muss gepr\u00fcft werden, ob der Mann noch f\u00fcr weitere Taten in Betracht kommt. <\/p>\n<p>\u00d6ffentlich bekannt geworden ist der Vorfall deswegen, weil sich die Stadt proaktiv in einer Pressemitteilung ge\u00e4u\u00dfert hat. Der ist zu entnehmen, dass das Ganze eine l\u00e4ngere Vorgeschichte hat und dass der Mann in Filderstadt augenscheinlich schon geraume Zeit ein problematisches Verhalten an den Tag gelegt hat. Er sei im Vorfeld der j\u00fcngsten Ereignisse bereits auff\u00e4llig und polizeibekannt gewesen, hei\u00dft es dort.<\/p>\n<p>Stadt: Haben alle rechtlichen Mittel zum Schutz ausgesch\u00f6pft <\/p>\n<p>Der OB Christoph Traub best\u00e4tigt auf Nachfrage, dass der Mann in der j\u00fcngeren Vergangenheit mehrfach auff\u00e4llig geworden sei, \u201eaber nicht in dem Ausma\u00df wie heute\u201c. In der Mitteilung liest man weiter: \u201eDie Stadt hat in der j\u00fcngeren Vergangenheit alle rechtlichen und gesetzlichen M\u00f6glichkeiten ausgesch\u00f6pft, die Bev\u00f6lkerung zu sch\u00fctzen\u201c, liest man in der Mitteilung. Die <a href=\"https:\/\/www.esslinger-zeitung.de\/thema\/Polizei\" title=\"Polizei\" class=\"art_thema\" rel=\"nofollow noopener\" target=\"_blank\">Polizei<\/a> sei involviert gewesen, das Ordnungsamt habe in der Vergangenheit bereits Platzverweise und Ann\u00e4herungsverbote ausgesprochen. <\/p>\n<p>Sogar die dauerhafte Unterbringung in der Psychiatrie sei angestrebt worden, ein medizinisches Gutachten habe diese jedoch abgelehnt. \u201eUm jegliche Vorf\u00e4lle zu vermeiden, haben wir alles Erdenkliche getan. Leider konnten wir das nun Geschehene nicht verhindern. Wir bedauern dies sehr und denken an die Betroffenen.\u201c <\/p>\n<p> OB Traub fordert st\u00e4rkere Ma\u00dfnahmen gegen Gewalt in Filderstadt <\/p>\n<p>In der Mitteilung betont der OB Christoph Traub, dass er die bisher gesetzlich m\u00f6glichen Ma\u00dfnahmen f\u00fcr nicht ausreichend h\u00e4lt und dass er daher bereits im Fr\u00fchjahr Kontakt zu den ma\u00dfgeblichen Verantwortungs- und Entscheidungstr\u00e4gern in den Kommunen, im Landkreis Esslingen und in den Ministerien aufgenommen sowie einen Gespr\u00e4chsprozess gestartet habe.<\/p>\n<p>\u201eZiel war und ist es, im interkommunalen Schulterschluss sowie in enger Zusammenarbeit mit den baden-w\u00fcrttembergischen Ministerien der Justiz und f\u00fcr Migration, f\u00fcr Soziales, Gesundheit und Integration sowie des Inneren f\u00fcr Digitalisierung und Kommunen, auf die zunehmenden Herausforderungen in der medizinischen Behandlung und Betreuung psychisch erkrankter Menschen aufmerksam zu machen und gemeinsam geeignete Ma\u00dfnahmen zu ergreifen.\u201c<\/p>\n<p> T\u00e4ter ist kein Bewohner einer Gefl\u00fcchteten-Unterkunft in Plattenhardt <\/p>\n<p> Im Sinne der Betroffenen, der \u00f6ffentlichen Sicherheit und zum Schutz der Bev\u00f6lkerung beklagt er, dass die Einigkeit auf kommunaler Ebene auf Seiten der Ministerien auf zu wenig Resonanz sto\u00dfe und sich bislang einzig das Sozialministerium und die Polizeibeh\u00f6rden inhaltlich beteiligt h\u00e4tten. \u201eDas ist einer der F\u00e4lle, wo wir als Kommune darum ringen, dass man uns schneller hilft\u201c, sagt Traub. <\/p>\n<p>Zum T\u00e4ter ist bislang wenig \u00f6ffentlich bekannt. Es handle sich entgegen erster Meldungen nicht um einen Bewohner der gro\u00dfen Gefl\u00fcchteten-Unterkunft im Weilerhau in Plattenhardt, teilt die Stadtverwaltung lediglich mit. Der Polizeisprecher Gerhard Jaudas nennt zum jetzigen Zeitpunkt ebenfalls noch keine Details. Die \u00d6ffentlichkeit werde nach der Haftvorf\u00fchrung informiert. Er sagt: \u201eDie wichtige Botschaft ist: Er ist jetzt in unserer Obhut.\u201c<\/p>\n","protected":false},"excerpt":{"rendered":"Der mutma\u00dfliche T\u00e4ter ist inzwischen festgenommen worden.\u00a0Foto: IMAGO\/Fotostand Ein offenbar polizeibekannter Mann hat am Freitag in Bonlanden Menschen&hellip;\n","protected":false},"author":2,"featured_media":642214,"comment_status":"","ping_status":"","sticky":false,"template":"","format":"standard","meta":{"footnotes":""},"categories":[1830],"tags":[1634,40212,3364,29,10050,30,1584,3438,121,67130,1441,92814],"class_list":{"0":"post-642213","1":"post","2":"type-post","3":"status-publish","4":"format-standard","5":"has-post-thumbnail","7":"category-stuttgart","8":"tag-baden-wuerttemberg","9":"tag-bonlanden","10":"tag-de","11":"tag-deutschland","12":"tag-filderstadt","13":"tag-germany","14":"tag-kriminalitaet","15":"tag-landkreis-esslingen","16":"tag-polizei","17":"tag-polizei-region-stuttgart","18":"tag-stuttgart","19":"tag-topt"},"share_on_mastodon":{"url":"https:\/\/pubeurope.com\/@de\/115708692336790511","error":""},"_links":{"self":[{"href":"https:\/\/www.europesays.com\/de\/wp-json\/wp\/v2\/posts\/642213","targetHints":{"allow":["GET"]}}],"collection":[{"href":"https:\/\/www.europesays.com\/de\/wp-json\/wp\/v2\/posts"}],"about":[{"href":"https:\/\/www.europesays.com\/de\/wp-json\/wp\/v2\/types\/post"}],"author":[{"embeddable":true,"href":"https:\/\/www.europesays.com\/de\/wp-json\/wp\/v2\/users\/2"}],"replies":[{"embeddable":true,"href":"https:\/\/www.europesays.com\/de\/wp-json\/wp\/v2\/comments?post=642213"}],"version-history":[{"count":0,"href":"https:\/\/www.europesays.com\/de\/wp-json\/wp\/v2\/posts\/642213\/revisions"}],"wp:featuredmedia":[{"embeddable":true,"href":"https:\/\/www.europesays.com\/de\/wp-json\/wp\/v2\/media\/642214"}],"wp:attachment":[{"href":"https:\/\/www.europesays.com\/de\/wp-json\/wp\/v2\/media?parent=642213"}],"wp:term":[{"taxonomy":"category","embeddable":true,"href":"https:\/\/www.europesays.com\/de\/wp-json\/wp\/v2\/categories?post=642213"},{"taxonomy":"post_tag","embeddable":true,"href":"https:\/\/www.europesays.com\/de\/wp-json\/wp\/v2\/tags?post=642213"}],"curies":[{"name":"wp","href":"https:\/\/api.w.org\/{rel}","templated":true}]}}