{"id":642221,"date":"2025-12-12T21:24:21","date_gmt":"2025-12-12T21:24:21","guid":{"rendered":"https:\/\/www.europesays.com\/de\/642221\/"},"modified":"2025-12-12T21:24:21","modified_gmt":"2025-12-12T21:24:21","slug":"flughafen-feiert-jubilaeum-radio-koeln","status":"publish","type":"post","link":"https:\/\/www.europesays.com\/de\/642221\/","title":{"rendered":"Flughafen feiert Jubil\u00e4um &#8211; Radio K\u00f6ln"},"content":{"rendered":"<p class=\"small date article__date\">Ver\u00f6ffentlicht:\u00a0Freitag, 12.12.2025 19:22<\/p>\n<p>Im extra umgebauten Terminal 2 am K\u00f6lner Flughafen wurde gestern Abend gefeiert. Und zwar das 75-j\u00e4hrige Jubil\u00e4um des Airports.<\/p>\n<p><img decoding=\"async\" alt=\"\" src=\"https:\/\/www.europesays.com\/de\/wp-content\/uploads\/2025\/12\/xx-42.jpg&#038;crop=99x0x2733x1708&#038;resize=1280x799&#038;dt=202408210657100.jpeg\" data-size=\"1280x799\"\/>\u00a9 Radio K\u00f6ln<\/p>\n<p>Hunderte G\u00e4ste aus Wirtschaft, Stadtgesellschaft und Politik waren geladen. Darunter auch NRW Ministerpr\u00e4sident W\u00fcst, der auch die milit\u00e4rische Bedeutung des Flughafens betonte. Oder K\u00f6lns Oberb\u00fcrgermeister Torsten Burmester, der sagte, der Flughafen sei ein Standort, der unserer Region, verbindet, st\u00e4rkt und pr\u00e4gt. Die Gala am Abend war der H\u00f6hepunkt der zahlreichen Veranstaltungen zum Jubil\u00e4um. Es gab fr\u00fcher im Jahr schon Nachbarschaftsfeste, besondere F\u00fchrungen oder Unterst\u00fctzungen f\u00fcr Sportvereine. (FW|SH|Symbolbild)<\/p>\n","protected":false},"excerpt":{"rendered":"Ver\u00f6ffentlicht:\u00a0Freitag, 12.12.2025 19:22 Im extra umgebauten Terminal 2 am K\u00f6lner Flughafen wurde gestern Abend gefeiert. Und zwar das&hellip;\n","protected":false},"author":2,"featured_media":642222,"comment_status":"","ping_status":"","sticky":false,"template":"","format":"standard","meta":{"footnotes":""},"categories":[1828],"tags":[2499,29,30,1420,1209],"class_list":{"0":"post-642221","1":"post","2":"type-post","3":"status-publish","4":"format-standard","5":"has-post-thumbnail","7":"category-koeln","8":"tag-kln","9":"tag-deutschland","10":"tag-germany","11":"tag-koeln","12":"tag-nordrhein-westfalen"},"share_on_mastodon":{"url":"https:\/\/pubeurope.com\/@de\/115708708731396221","error":""},"_links":{"self":[{"href":"https:\/\/www.europesays.com\/de\/wp-json\/wp\/v2\/posts\/642221","targetHints":{"allow":["GET"]}}],"collection":[{"href":"https:\/\/www.europesays.com\/de\/wp-json\/wp\/v2\/posts"}],"about":[{"href":"https:\/\/www.europesays.com\/de\/wp-json\/wp\/v2\/types\/post"}],"author":[{"embeddable":true,"href":"https:\/\/www.europesays.com\/de\/wp-json\/wp\/v2\/users\/2"}],"replies":[{"embeddable":true,"href":"https:\/\/www.europesays.com\/de\/wp-json\/wp\/v2\/comments?post=642221"}],"version-history":[{"count":0,"href":"https:\/\/www.europesays.com\/de\/wp-json\/wp\/v2\/posts\/642221\/revisions"}],"wp:featuredmedia":[{"embeddable":true,"href":"https:\/\/www.europesays.com\/de\/wp-json\/wp\/v2\/media\/642222"}],"wp:attachment":[{"href":"https:\/\/www.europesays.com\/de\/wp-json\/wp\/v2\/media?parent=642221"}],"wp:term":[{"taxonomy":"category","embeddable":true,"href":"https:\/\/www.europesays.com\/de\/wp-json\/wp\/v2\/categories?post=642221"},{"taxonomy":"post_tag","embeddable":true,"href":"https:\/\/www.europesays.com\/de\/wp-json\/wp\/v2\/tags?post=642221"}],"curies":[{"name":"wp","href":"https:\/\/api.w.org\/{rel}","templated":true}]}}