{"id":642261,"date":"2025-12-12T21:49:18","date_gmt":"2025-12-12T21:49:18","guid":{"rendered":"https:\/\/www.europesays.com\/de\/642261\/"},"modified":"2025-12-12T21:49:18","modified_gmt":"2025-12-12T21:49:18","slug":"ios-26-2-co-zum-download-bereit-updates-fuer-alle-apple-betriebssysteme","status":"publish","type":"post","link":"https:\/\/www.europesays.com\/de\/642261\/","title":{"rendered":"iOS 26.2 &#038; Co zum Download bereit: Updates f\u00fcr alle Apple-Betriebssysteme"},"content":{"rendered":"<ol class=\"a-toc__list\">\n<li class=\"a-toc__item&#10;          &#10;            a-toc__item--counter&#10;          &#10;            a-toc__item--current\">\n<p>              iOS 26.2 &amp; Co zum Download bereit: Updates f\u00fcr alle Apple-Betriebssysteme<\/p>\n<\/li>\n<\/ol>\n<p>F\u00fcr jedes Apple-Betriebssystem liegt ein gr\u00f6\u00dferes Update vor: Der Hersteller hat am Freitagabend die Version 26.2 f\u00fcr iOS, iPadOS, macOS, watchOS, tvOS, visionOS und HomePods f\u00fcr die Allgemeinheit zum Download freigegeben \u2013 ein h\u00f6chst ungew\u00f6hnlicher Wochentag f\u00fcr Apple-Updates, wom\u00f6glich mussten in den letzten Vorabversionen noch kritische Bugs ausger\u00e4umt werden. F\u00fcr bestimmte \u00e4ltere Versionen gibt es obendrein Patches zur Installation. Auf iPhones, iPads und Macs liefert die Aktualisierung auch Funktionsneuerungen, darunter einen optionalen iPhone-Alarm f\u00fcr f\u00e4llige To-Dos und automatisch erstellte Kapitel in der Podcasts-App. F\u00fcr das neue Liquid-Glass-Design integriert Apple einen weiteren Schalter respektive Schieberegler: Nutzer k\u00f6nnen damit feinjustieren, wie durchsichtig die Uhrzeitanzeige auf dem Sperrbildschirm ist.<\/p>\n<p>        Weiterlesen nach der Anzeige<\/p>\n<p>Neuerungen in iPadOS und Live-\u00dcbersetzung mit AirPods<\/p>\n<p>In iPadOS 26.2 reicht Apple die zwischenzeitlich gestrichene Slide-Over-Ansicht nach, wenn auch in abge\u00e4nderter Form. macOS Tahoe kann in Version 26.2 den Bildschirm als Ringlicht f\u00fcr Videokonferenzen zweckentfremden und unterst\u00fctzt zudem <a href=\"https:\/\/www.heise.de\/news\/KI-Cluster-Vier-Macs-mit-2-TByte-koennen-Riesenmodell-Kimi-K2-Thinking-ausfuehren-11085555.html\" target=\"_blank\" rel=\"noopener\">Cluster zur Ausf\u00fchrung gro\u00dfer lokaler KI-Modelle \u00fcber Thunderbolt 5 und Apples MLX-Schnittstelle<\/a>.<\/p>\n<p>iOS 26.2 schaltet auf aktuellen AirPods mit aktiver Ger\u00e4uschunterdr\u00fcckung (AirPods 4 mit ANC, AirPods Pro ab Generation 2) innerhalb der EU <a href=\"https:\/\/www.heise.de\/news\/AirPods-Pro-und-AirPods-4-Live-Uebersetzung-kommt-nach-Europa-11055015.html\" target=\"_blank\" rel=\"noopener\">die Live-\u00dcbersetzungsfunktion frei<\/a>. Deren Einf\u00fchrung hatte Apple hierzulande verz\u00f6gert, um Anpassungen vorzunehmen, welche die Funktion konform zu den Interoperabilit\u00e4tsvorgaben des Digital Markets Acts gestalten sollen.<\/p>\n<p>\u00c4nderungen auf Druck von Regulierungsbeh\u00f6rden<\/p>\n<p>Die Updates f\u00fcr iOS und iPadOS enthalten offensichtlich <a href=\"https:\/\/www.heise.de\/news\/EU-Deadline-naht-Wie-iPhones-kompatibler-werden-muessen-10962109.html\" target=\"_blank\" rel=\"noopener\">weitere \u00c4nderungen, die Apple auf Druck von Regulierungsbeh\u00f6rden in EU<\/a> und Japan umsetzen muss. Dazu geh\u00f6rt, anderen Herstellern \u00e4hnliche Funktionalit\u00e4ten im Zusammenspiel mit iPhones zu erm\u00f6glichen, wie sie bislang nur Apple Watch &amp; Co erhalten. Daher gibt es auch ein neues Framework f\u00fcr das Teilen von WLAN-Informationen. Zugleich wird die Funktion offenbar im Zusammenspiel <a href=\"https:\/\/www.heise.de\/news\/EU-Vorgabe-Wie-das-iPhone-bald-WLAN-Infos-teilt-und-die-Watch-beschneidet-11086879.html\" target=\"_blank\" rel=\"noopener\">f\u00fcr watchOS beschnitten, um anderen Herstellern keinen vollen Zugriff auf die WLAN-Historie zu geben<\/a>. Klar dokumentiert sind die \u00c4nderungen bislang nicht, entsprechend bleibt vorerst offen, was davon genau umgesetzt wurde.<\/p>\n<p>In Japan k\u00f6nnen Nutzer erstmals die Seitentaste umbelegen und statt Siri dar\u00fcber einen f\u00e4higeren Chatbot starten. Diese Option fehlt vorerst noch in der EU und anderen Regionen.<\/p>\n<p>        Weiterlesen nach der Anzeige<\/p>\n<p>Patches auch f\u00fcr \u00e4ltere Systemversionen<\/p>\n<p>Die Updates sollen auch Fehler beseitigen, unter anderem eine fehlerhafte in den Datenschutz- und Sicherheitseinstellungen, wie Apple auff\u00fchrt. Dort konnte eine Funktion f\u00e4lschlich als durch eine Organisation verwaltet markiert werden \u2013 und lie\u00df sich vom Nutzer nicht mehr \u00e4ndern. Zudem stopft Apple bei dieser Gelegenheit eine Reihe an Sicherheitsl\u00fccken. Erste Details dazu folgen gew\u00f6hnlich im weiteren Verlauf des Abends. F\u00fcr \u00e4ltere Betriebssystemversionen liegen ebenfalls Patches vor, die zumindest einen Teil der bekannten Schwachstellen beseitigen d\u00fcrften.<\/p>\n<p>    Update<\/p>\n<p>    12.12.2025,<\/p>\n<p>  19:46<\/p>\n<p>      Uhr<\/p>\n<p>F\u00fcr neuere iPhones mit iOS 18.7.2 stand zum Redaktionsschluss kein Patch zur Verf\u00fcgung. M\u00f6glicherweise folgt dieser noch \u2013 oder Apple pflegt die alte Betriebssystemversion ab jetzt nur noch f\u00fcr Hardware weiter, die iOS 26 nicht unterst\u00fctzt.<\/p>\n<p>(<a class=\"redakteurskuerzel__link\" href=\"https:\/\/www.heise.de\/news\/mailto:lbe@heise.de\" title=\"Leo Becker\" target=\"_blank\" rel=\"noopener\">lbe<\/a>)<\/p>\n<p>\n      Dieser Link ist leider nicht mehr g\u00fcltig.\n    <\/p>\n<p>Links zu verschenkten Artikeln werden ung\u00fcltig,<br \/>\n      wenn diese \u00e4lter als 7\u00a0Tage sind oder zu oft aufgerufen wurden.\n    <\/p>\n<p><strong>Sie ben\u00f6tigen ein heise+ Paket, um diesen Artikel zu lesen. Jetzt eine Woche unverbindlich testen \u2013 ohne Verpflichtung!<\/strong><\/p>\n","protected":false},"excerpt":{"rendered":"iOS 26.2 &amp; Co zum Download bereit: Updates f\u00fcr alle Apple-Betriebssysteme F\u00fcr jedes Apple-Betriebssystem liegt ein gr\u00f6\u00dferes Update&hellip;\n","protected":false},"author":2,"featured_media":642262,"comment_status":"","ping_status":"","sticky":false,"template":"","format":"standard","meta":{"footnotes":""},"categories":[135],"tags":[231,195,29,30,1274,1276,196,1277,1273,190,189,194,191,193,192],"class_list":{"0":"post-642261","1":"post","2":"type-post","3":"status-publish","4":"format-standard","5":"has-post-thumbnail","7":"category-wissenschaft-technik","8":"tag-apple","9":"tag-betriebssystem","10":"tag-deutschland","11":"tag-germany","12":"tag-ios","13":"tag-ipados","14":"tag-it","15":"tag-macos","16":"tag-mobiles","17":"tag-science","18":"tag-science-technology","19":"tag-technik","20":"tag-technology","21":"tag-wissenschaft","22":"tag-wissenschaft-technik"},"share_on_mastodon":{"url":"https:\/\/pubeurope.com\/@de\/115708806154199040","error":""},"_links":{"self":[{"href":"https:\/\/www.europesays.com\/de\/wp-json\/wp\/v2\/posts\/642261","targetHints":{"allow":["GET"]}}],"collection":[{"href":"https:\/\/www.europesays.com\/de\/wp-json\/wp\/v2\/posts"}],"about":[{"href":"https:\/\/www.europesays.com\/de\/wp-json\/wp\/v2\/types\/post"}],"author":[{"embeddable":true,"href":"https:\/\/www.europesays.com\/de\/wp-json\/wp\/v2\/users\/2"}],"replies":[{"embeddable":true,"href":"https:\/\/www.europesays.com\/de\/wp-json\/wp\/v2\/comments?post=642261"}],"version-history":[{"count":0,"href":"https:\/\/www.europesays.com\/de\/wp-json\/wp\/v2\/posts\/642261\/revisions"}],"wp:featuredmedia":[{"embeddable":true,"href":"https:\/\/www.europesays.com\/de\/wp-json\/wp\/v2\/media\/642262"}],"wp:attachment":[{"href":"https:\/\/www.europesays.com\/de\/wp-json\/wp\/v2\/media?parent=642261"}],"wp:term":[{"taxonomy":"category","embeddable":true,"href":"https:\/\/www.europesays.com\/de\/wp-json\/wp\/v2\/categories?post=642261"},{"taxonomy":"post_tag","embeddable":true,"href":"https:\/\/www.europesays.com\/de\/wp-json\/wp\/v2\/tags?post=642261"}],"curies":[{"name":"wp","href":"https:\/\/api.w.org\/{rel}","templated":true}]}}