{"id":642395,"date":"2025-12-12T23:14:15","date_gmt":"2025-12-12T23:14:15","guid":{"rendered":"https:\/\/www.europesays.com\/de\/642395\/"},"modified":"2025-12-12T23:14:15","modified_gmt":"2025-12-12T23:14:15","slug":"im-dorotheum-fotografie-auf-der-resterampe","status":"publish","type":"post","link":"https:\/\/www.europesays.com\/de\/642395\/","title":{"rendered":"Im Dorotheum: Fotografie auf der Resterampe"},"content":{"rendered":"<p class=\"p1 sm:p1-medium items-start pb-[20px]\" data-selector=\"body-paragraph\" data-external-selector=\"body-elements-paragraph\" data-v-f16c667d=\"\" data-v-439309db=\"\">Man kennt das von <a data-rtr-index=\"7\" title=\"Ebay\" href=\"https:\/\/www.faz.net\/aktuell\/wirtschaft\/thema\/ebay\" target=\"_blank\" rel=\"noopener\">Ebay<\/a>: Bis Sekunden vor Schluss steht das eigene Gebot f\u00fcr ein exklusives Waschbecken an der Spitze, aber im letzten Moment der Auktion wird man \u00fcberboten, weil irgendwer aus dem Hinterhalt eine geh\u00f6rige Summe draufgelegt hat \u2013 und es trotzdem noch billig bekommt. Tsch\u00fcss, Noblesse, hallo, Baumarkt. Nun sind Fotografien vielleicht etwas anderes als Objekte f\u00fcrs Badezimmer, und das ehrw\u00fcrdige Wiener Auktionshaus Dorotheum wird man nicht mit Ebay vergleichen wollen. Doch wie dort bis zum 15. Dezember um 14 Uhr die \u201ePhotographic Treasures from Daniel Blau Gallery\u201c online versteigert werden, macht den Eindruck eines Verkaufs von der Resterampe herunter.<\/p>\n<p>Ab vierzig Euro<\/p>\n<p class=\"p1 sm:p1-medium items-start pb-[20px]\" data-selector=\"body-paragraph\" data-external-selector=\"body-elements-paragraph\" data-v-f16c667d=\"\" data-v-439309db=\"\">Das liegt einerseits am Angebot, das zum gro\u00dfen Teil aus Agenturmaterial besteht, von denen manche Bilder zwar aus den Telegraphendateien des ber\u00fchmten Kriegsfotografen Robert Capa entstanden sind, von denen Nachtaufnahmen aus New York dem legend\u00e4ren Paparazzo Weegee hingegen nur zugeschrieben werden. Es liegt andererseits und vor allem: an den Preisen. F\u00fcr zwei Daguerreotypien im kleinen Format des Engl\u00e4nders Richard Beard liegt der Einstiegspreis bei je 40 Euro. Ein Salzpapierabzug des Tors der Kathedrale von Chartres, aufgenommen von Henri Le Secq im Jahr 1848, beginnt bei 100 Euro. Ebenfalls mindestens 100 Euro soll Margaret Bourke-Whites Luftaufnahme der zerbombten M\u00fcnchener Innenstadt vom Mai 1945 kosten \u2013 ist aber schon bei 120 Euro angelangt. F\u00fcr Alfred Stieglitz\u2019 Autochrome des jungen M\u00e4dchens Kitty am Fr\u00fchst\u00fcckstisch haben sich binnen einer Nacht zwei Bieter vom Minimumgebot 600 Euro sogar auf 3000 Euro nach oben geschaukelt, was 300 Euro \u00fcber der Taxe von 1600 bis 2500 Euro liegt, w\u00e4hrenddessen eine der beiden Daguerreotypien erst auf 42 Euro gestiegen ist.<\/p>\n<p><img decoding=\"async\" alt=\"Hat seine Galerie geschlossen: Daniel Blau\" height=\"1996\" loading=\"lazy\"   src=\"https:\/\/www.europesays.com\/de\/wp-content\/uploads\/2025\/12\/hat-seine-galerie-geschlossen.webp.webp\" width=\"3000\" class=\"sm:w-content-sm w-full\" tabindex=\"0\"\/>Hat seine Galerie geschlossen: Daniel BlauPicture Alliance<\/p>\n<p class=\"p1 sm:p1-medium items-start pb-[20px]\" data-selector=\"body-paragraph\" data-external-selector=\"body-elements-paragraph\" data-v-f16c667d=\"\" data-v-439309db=\"\">F\u00fcr die Mehrzahl der 144 Lose liegen noch gar keine Angebote vor. Aber fast alle werden beobachtet, wie an den Zahlen hinter dem Symbol eines weit ge\u00f6ffneten Auges zu erkennen ist. Nat\u00fcrlich kann niemand sagen, wie es weitergeht. Aber wor\u00fcber man jetzt schon streiten kann, ist die Frage, ob Daniel Blau, der seine Galerie nach 35 Jahren in diesem Fr\u00fchjahr geschlossen hat, um sich ganz auf das Management seines Vaters, des Malers Georg Baselitz, zu konzentrieren, der Fotografie mit dieser Auktion einen B\u00e4rendienst leistet, oder ob er den Markt \u00f6ffnet f\u00fcr eine neue, junge Gruppe von Sammlern.<\/p>\n<p class=\"p1 sm:p1-medium items-start pb-[20px]\" data-selector=\"body-paragraph\" data-external-selector=\"body-elements-paragraph\" data-v-f16c667d=\"\" data-v-439309db=\"\">Die m\u00f6gen mit noch so interessiertem Blick etwa auf der Paris Photo entlang Hunderter Kojen gelaufen sein, mit Blick auf ihr Konto aber auf K\u00e4ufe verzichtet haben. Daniel Blau hatte dort im vorigen Jahr buchst\u00e4blich himmlische Fotografien gezeigt, allerdings auch zu astronomischen Preisen. Nun erwartet er f\u00fcr Pressematerial der NASA wiederum oft nur Minimumgebote von 100 Euro, darunter der Start der Tr\u00e4gerrakete der Apollo 11 zum Mond oder der Blick aus der Raumkapsel auf die Erde \u2013 als blaue Kugel im Schwarz des Universums.<\/p>\n<p class=\"p1 sm:p1-medium items-start pb-[20px]\" data-selector=\"body-paragraph\" data-external-selector=\"body-elements-paragraph\" data-v-f16c667d=\"\" data-v-439309db=\"\">\u201eWe are struggling\u201c, hatte erst vor wenigen Wochen auf der Paris Photo Tim Jeffrey von der Galerie Hamilton\u2019s mit britischer Reserviertheit gestanden. Andere berichteten im Nachhinein von guten Verk\u00e4ufen. Daniel Blau hatte schon nicht mehr teilgenommen. F\u00fcr einen Fall wie diesen, dass n\u00e4mlich nun wom\u00f6glich zum Spottpreis zu haben ist, was damals ein kleines Verm\u00f6gen kosten sollte, h\u00e4tten Broker an der B\u00f6rse ihre eindeutige Losung: nachkaufen!<\/p>\n","protected":false},"excerpt":{"rendered":"Man kennt das von Ebay: Bis Sekunden vor Schluss steht das eigene Gebot f\u00fcr ein exklusives Waschbecken an&hellip;\n","protected":false},"author":2,"featured_media":642396,"comment_status":"","ping_status":"","sticky":false,"template":"","format":"standard","meta":{"footnotes":""},"categories":[1775],"tags":[1793,29,214,30,1794,215],"class_list":{"0":"post-642395","1":"post","2":"type-post","3":"status-publish","4":"format-standard","5":"has-post-thumbnail","7":"category-kunst-und-design","8":"tag-art-and-design","9":"tag-deutschland","10":"tag-entertainment","11":"tag-germany","12":"tag-kunst-und-design","13":"tag-unterhaltung"},"share_on_mastodon":{"url":"https:\/\/pubeurope.com\/@de\/115709140356981901","error":""},"_links":{"self":[{"href":"https:\/\/www.europesays.com\/de\/wp-json\/wp\/v2\/posts\/642395","targetHints":{"allow":["GET"]}}],"collection":[{"href":"https:\/\/www.europesays.com\/de\/wp-json\/wp\/v2\/posts"}],"about":[{"href":"https:\/\/www.europesays.com\/de\/wp-json\/wp\/v2\/types\/post"}],"author":[{"embeddable":true,"href":"https:\/\/www.europesays.com\/de\/wp-json\/wp\/v2\/users\/2"}],"replies":[{"embeddable":true,"href":"https:\/\/www.europesays.com\/de\/wp-json\/wp\/v2\/comments?post=642395"}],"version-history":[{"count":0,"href":"https:\/\/www.europesays.com\/de\/wp-json\/wp\/v2\/posts\/642395\/revisions"}],"wp:featuredmedia":[{"embeddable":true,"href":"https:\/\/www.europesays.com\/de\/wp-json\/wp\/v2\/media\/642396"}],"wp:attachment":[{"href":"https:\/\/www.europesays.com\/de\/wp-json\/wp\/v2\/media?parent=642395"}],"wp:term":[{"taxonomy":"category","embeddable":true,"href":"https:\/\/www.europesays.com\/de\/wp-json\/wp\/v2\/categories?post=642395"},{"taxonomy":"post_tag","embeddable":true,"href":"https:\/\/www.europesays.com\/de\/wp-json\/wp\/v2\/tags?post=642395"}],"curies":[{"name":"wp","href":"https:\/\/api.w.org\/{rel}","templated":true}]}}