{"id":642508,"date":"2025-12-13T00:32:19","date_gmt":"2025-12-13T00:32:19","guid":{"rendered":"https:\/\/www.europesays.com\/de\/642508\/"},"modified":"2025-12-13T00:32:19","modified_gmt":"2025-12-13T00:32:19","slug":"hier-gibt-es-in-duesseldorf-noch-echten-weihnachtszauber","status":"publish","type":"post","link":"https:\/\/www.europesays.com\/de\/642508\/","title":{"rendered":"Hier gibt es in D\u00fcsseldorf noch echten Weihnachtszauber"},"content":{"rendered":"<p class=\"text_ohne_einzug richtext text-em-55 !leading-serif mx-6 desktop:mx-0\">Was verbinden Sie mit <a href=\"https:\/\/rp-online.de\/thema\/weihnachten\/\" rel=\"nofollow noopener\" target=\"_blank\">Weihnachten<\/a>? Sind es bestimmte Ger\u00fcche oder Geschm\u00e4cker? Ist es ein Ritual oder ein besonderer Ort? Und wie bringen Sie sich in Stimmung? Das ist manchmal leichter gesagt als getan. Die Terminkalender sind voll bis kurz vor <a href=\"https:\/\/rp-online.de\/thema\/heiligabend\/\" rel=\"nofollow noopener\" target=\"_blank\">Heiligabend<\/a>, die Temperaturen liegen h\u00e4ufig genug irgendwo im zweistelligen Bereich. Und sind nicht ohnehin gerade erst die Bl\u00e4tter an den B\u00e4umen rot und gelb geworden? Tats\u00e4chlich steht der dritte <a href=\"https:\/\/rp-online.de\/thema\/advent\/\" rel=\"nofollow noopener\" target=\"_blank\">Advent<\/a> vor der T\u00fcr \u2013 und in D\u00fcsseldorf gibt es viele M\u00f6glichkeiten, sich in Stimmung zu bringen. Nat\u00fcrlich sind da die Weihnachtsm\u00e4rkte, in der Innenstadt, am Schloss Benrath und in den Stadtteilen. Aber auch dar\u00fcber hinaus findet man sie: die magischen Orte, die uns schon seit der Kindheit auf Weihnachten vorbereiten, und auch heute noch genau diesen Zweck erf\u00fcllen.<\/p>\n","protected":false},"excerpt":{"rendered":"Was verbinden Sie mit Weihnachten? Sind es bestimmte Ger\u00fcche oder Geschm\u00e4cker? Ist es ein Ritual oder ein besonderer&hellip;\n","protected":false},"author":2,"featured_media":642509,"comment_status":"","ping_status":"","sticky":false,"template":"","format":"standard","meta":{"footnotes":""},"categories":[1831],"tags":[3274,95402,151281,143284,135014,3364,29,3405,30,151282,3800,1209,21628,26195,41705,12289],"class_list":{"0":"post-642508","1":"post","2":"type-post","3":"status-publish","4":"format-standard","5":"has-post-thumbnail","7":"category-duesseldorf","8":"tag-kirche","9":"tag-advent","10":"tag-advents","11":"tag-adventskranz","12":"tag-auferstehungskirche","13":"tag-de","14":"tag-deutschland","15":"tag-duesseldorf","16":"tag-germany","17":"tag-kirchenkaffee","18":"tag-messen","19":"tag-nordrhein-westfalen","20":"tag-schoene","21":"tag-schoener","22":"tag-verloren","23":"tag-weihnachten"},"share_on_mastodon":{"url":"https:\/\/pubeurope.com\/@de\/115709446942704315","error":""},"_links":{"self":[{"href":"https:\/\/www.europesays.com\/de\/wp-json\/wp\/v2\/posts\/642508","targetHints":{"allow":["GET"]}}],"collection":[{"href":"https:\/\/www.europesays.com\/de\/wp-json\/wp\/v2\/posts"}],"about":[{"href":"https:\/\/www.europesays.com\/de\/wp-json\/wp\/v2\/types\/post"}],"author":[{"embeddable":true,"href":"https:\/\/www.europesays.com\/de\/wp-json\/wp\/v2\/users\/2"}],"replies":[{"embeddable":true,"href":"https:\/\/www.europesays.com\/de\/wp-json\/wp\/v2\/comments?post=642508"}],"version-history":[{"count":0,"href":"https:\/\/www.europesays.com\/de\/wp-json\/wp\/v2\/posts\/642508\/revisions"}],"wp:featuredmedia":[{"embeddable":true,"href":"https:\/\/www.europesays.com\/de\/wp-json\/wp\/v2\/media\/642509"}],"wp:attachment":[{"href":"https:\/\/www.europesays.com\/de\/wp-json\/wp\/v2\/media?parent=642508"}],"wp:term":[{"taxonomy":"category","embeddable":true,"href":"https:\/\/www.europesays.com\/de\/wp-json\/wp\/v2\/categories?post=642508"},{"taxonomy":"post_tag","embeddable":true,"href":"https:\/\/www.europesays.com\/de\/wp-json\/wp\/v2\/tags?post=642508"}],"curies":[{"name":"wp","href":"https:\/\/api.w.org\/{rel}","templated":true}]}}