{"id":642526,"date":"2025-12-13T00:44:18","date_gmt":"2025-12-13T00:44:18","guid":{"rendered":"https:\/\/www.europesays.com\/de\/642526\/"},"modified":"2025-12-13T00:44:18","modified_gmt":"2025-12-13T00:44:18","slug":"brandenburger-theater-nach-wasserschaden-bis-silvester-geschlossen","status":"publish","type":"post","link":"https:\/\/www.europesays.com\/de\/642526\/","title":{"rendered":"Brandenburger Theater nach Wasserschaden bis Silvester geschlossen"},"content":{"rendered":"<p>Die Spr\u00fchflutanlage hatte ohne Brandereignis am Mittwoch ausgel\u00f6st. Gesch\u00e4tzt seien bis zu 50.000 Liter Wasser ausgetreten, teilte das Theater mit.<\/p>\n<p>Zuschauerraum, Orchestergraben und die Unterb\u00fchne seien dadurch unter Wasser gesetzt worden, hie\u00df es. Die eigentliche B\u00fchne sei nicht betroffen, allerdings seien zahlreiche Scheinwerfer nass geworden, die nun erstmal \u00fcberpr\u00fcft werden m\u00fcssten. Es sei ein Schaden in bisher unbekannter H\u00f6he entstanden.<\/p>\n","protected":false},"excerpt":{"rendered":"Die Spr\u00fchflutanlage hatte ohne Brandereignis am Mittwoch ausgel\u00f6st. Gesch\u00e4tzt seien bis zu 50.000 Liter Wasser ausgetreten, teilte das&hellip;\n","protected":false},"author":2,"featured_media":642527,"comment_status":"","ping_status":"","sticky":false,"template":"","format":"standard","meta":{"footnotes":""},"categories":[1816],"tags":[1960,1958,1959,1957,1956,1890,142784,29,30],"class_list":{"0":"post-642526","1":"post","2":"type-post","3":"status-publish","4":"format-standard","5":"has-post-thumbnail","7":"category-brandenburg","8":"tag-aktuelle-nachrichten-aus-berlin-und-brandenburg","9":"tag-aktuelle-nachrichten-aus-brandenburg","10":"tag-aktuelle-news-aus-berlin-und-brandenburg","11":"tag-aktuelle-news-aus-brandenburg","12":"tag-berlin-und-brandenburg","13":"tag-brandenburg","14":"tag-brandenburg-havel","15":"tag-deutschland","16":"tag-germany"},"share_on_mastodon":{"url":"https:\/\/pubeurope.com\/@de\/115709494224410405","error":""},"_links":{"self":[{"href":"https:\/\/www.europesays.com\/de\/wp-json\/wp\/v2\/posts\/642526","targetHints":{"allow":["GET"]}}],"collection":[{"href":"https:\/\/www.europesays.com\/de\/wp-json\/wp\/v2\/posts"}],"about":[{"href":"https:\/\/www.europesays.com\/de\/wp-json\/wp\/v2\/types\/post"}],"author":[{"embeddable":true,"href":"https:\/\/www.europesays.com\/de\/wp-json\/wp\/v2\/users\/2"}],"replies":[{"embeddable":true,"href":"https:\/\/www.europesays.com\/de\/wp-json\/wp\/v2\/comments?post=642526"}],"version-history":[{"count":0,"href":"https:\/\/www.europesays.com\/de\/wp-json\/wp\/v2\/posts\/642526\/revisions"}],"wp:featuredmedia":[{"embeddable":true,"href":"https:\/\/www.europesays.com\/de\/wp-json\/wp\/v2\/media\/642527"}],"wp:attachment":[{"href":"https:\/\/www.europesays.com\/de\/wp-json\/wp\/v2\/media?parent=642526"}],"wp:term":[{"taxonomy":"category","embeddable":true,"href":"https:\/\/www.europesays.com\/de\/wp-json\/wp\/v2\/categories?post=642526"},{"taxonomy":"post_tag","embeddable":true,"href":"https:\/\/www.europesays.com\/de\/wp-json\/wp\/v2\/tags?post=642526"}],"curies":[{"name":"wp","href":"https:\/\/api.w.org\/{rel}","templated":true}]}}