{"id":642530,"date":"2025-12-13T00:46:20","date_gmt":"2025-12-13T00:46:20","guid":{"rendered":"https:\/\/www.europesays.com\/de\/642530\/"},"modified":"2025-12-13T00:46:20","modified_gmt":"2025-12-13T00:46:20","slug":"zu-den-weihnachtsferien-volle-autobahnen-in-berlin-brandenburg-und-mecklenburg-vorpommern","status":"publish","type":"post","link":"https:\/\/www.europesays.com\/de\/642530\/","title":{"rendered":"Zu den Weihnachtsferien volle Autobahnen in Berlin, Brandenburg und Mecklenburg-Vorpommern"},"content":{"rendered":"<p><strong>Die Autobahn GmbH rechnet auch in Berlin, Brandenburg und Mecklenburg-Vorpommern mit vollen Autobahnen ab kommenden Freitag (19. Dezember). Das Verkehrsaufkommen sei in den Weihnachtsferien zwar geringer als in den Hauptreisezeiten im Fr\u00fchjahr oder Sommer, hie\u00df es in einer Mitteilung. Durch den nahezu gleichzeitigen Ferienbeginn und -schluss in vielen Bundesl\u00e4ndern konzentriere sich der Verkehr jedoch auf einen kurzen Zeitraum.<\/strong><\/p>\n<p><strong>Kaum Verkehr an Weihnachten<\/strong><\/p>\n<p>In Berlin, Brandenburg und Mecklenburg-Vorpommern beginnen die Ferien am 22. Dezember. Der H\u00f6hepunkt der Reisewelle werde bereits am kommenden Freitag erwartet. An den Tag beginne der Reiseverkehr voraussichtlich nach Schulschluss und treffe auf den abendlichen Berufsverkehr, was die Staugefahr deutlich erh\u00f6he. Auch am Samstag gebe es noch viel Verkehr, da viele weitere Reisende in den Kurzurlaub starten. Am Sonntag entspanne sich die Lage leicht.<\/p>\n<p>Laut Erfahrungen aus den Vorjahren werde es an den Weihnachtsfeiertagen auf den Autobahnen gr\u00f6\u00dftenteils ruhig zugehen. An Heiligabend sowie am ersten und zweiten Weihnachtsfeiertag werde mit keinen gr\u00f6\u00dferen Staus gerechnet. Eine sp\u00fcrbare Zunahme des Reiseverkehrs sei am 27. Dezember zu erwarten, da viele die Zeit zwischen den Feiertagen f\u00fcr Besuche bei Familie und Freunden nutzen. Der R\u00fcckreiseverkehr setze mit dem neuen Jahr ein.<\/p>\n<p><strong>Staurisikokarte<\/strong><\/p>\n<p>Die Autoahn GmbH r\u00e4t dazu, sich vorab \u00fcber m\u00f6gliche Einschr\u00e4nkungen zu informieren und hat f\u00fcr den Zeitraum vom 15. Dezember bis 11. Januar eine Karte erstellt, auf denen Baustellen und der Reiseverkehr f\u00fcr ein erh\u00f6htes Staurisiko sorgen k\u00f6nnen.\u00a0<\/p>\n<p>In Berlin, Brandenburg und Mecklenburg-Vorpommern kann es demnach unter anderem auf der A2, der A10, der A11, der A19 und Teilen der A20 zu Verz\u00f6gerungen kommen. Die Karte ist im Internet unter\u00a0www.autobahn.de\u00a0zu finden.<\/p>\n","protected":false},"excerpt":{"rendered":"Die Autobahn GmbH rechnet auch in Berlin, Brandenburg und Mecklenburg-Vorpommern mit vollen Autobahnen ab kommenden Freitag (19. Dezember).&hellip;\n","protected":false},"author":2,"featured_media":642531,"comment_status":"","ping_status":"","sticky":false,"template":"","format":"standard","meta":{"footnotes":""},"categories":[1825],"tags":[1634,772,296,2420,29,30,692,15,1411,1209,12,1971],"class_list":{"0":"post-642530","1":"post","2":"type-post","3":"status-publish","4":"format-standard","5":"has-post-thumbnail","7":"category-berlin","8":"tag-baden-wuerttemberg","9":"tag-bayern","10":"tag-berlin","11":"tag-bremen","12":"tag-deutschland","13":"tag-germany","14":"tag-hamburg","15":"tag-news","16":"tag-niedersachsen","17":"tag-nordrhein-westfalen","18":"tag-schlagzeilen","19":"tag-schleswig-holstein"},"share_on_mastodon":{"url":"https:\/\/pubeurope.com\/@de\/115709502615191843","error":""},"_links":{"self":[{"href":"https:\/\/www.europesays.com\/de\/wp-json\/wp\/v2\/posts\/642530","targetHints":{"allow":["GET"]}}],"collection":[{"href":"https:\/\/www.europesays.com\/de\/wp-json\/wp\/v2\/posts"}],"about":[{"href":"https:\/\/www.europesays.com\/de\/wp-json\/wp\/v2\/types\/post"}],"author":[{"embeddable":true,"href":"https:\/\/www.europesays.com\/de\/wp-json\/wp\/v2\/users\/2"}],"replies":[{"embeddable":true,"href":"https:\/\/www.europesays.com\/de\/wp-json\/wp\/v2\/comments?post=642530"}],"version-history":[{"count":0,"href":"https:\/\/www.europesays.com\/de\/wp-json\/wp\/v2\/posts\/642530\/revisions"}],"wp:featuredmedia":[{"embeddable":true,"href":"https:\/\/www.europesays.com\/de\/wp-json\/wp\/v2\/media\/642531"}],"wp:attachment":[{"href":"https:\/\/www.europesays.com\/de\/wp-json\/wp\/v2\/media?parent=642530"}],"wp:term":[{"taxonomy":"category","embeddable":true,"href":"https:\/\/www.europesays.com\/de\/wp-json\/wp\/v2\/categories?post=642530"},{"taxonomy":"post_tag","embeddable":true,"href":"https:\/\/www.europesays.com\/de\/wp-json\/wp\/v2\/tags?post=642530"}],"curies":[{"name":"wp","href":"https:\/\/api.w.org\/{rel}","templated":true}]}}