{"id":642548,"date":"2025-12-13T00:57:14","date_gmt":"2025-12-13T00:57:14","guid":{"rendered":"https:\/\/www.europesays.com\/de\/642548\/"},"modified":"2025-12-13T00:57:14","modified_gmt":"2025-12-13T00:57:14","slug":"darts-wm-nummer-12-der-welt-scheitert-erstes-sensationsaus-bei-der-wm-sport","status":"publish","type":"post","link":"https:\/\/www.europesays.com\/de\/642548\/","title":{"rendered":"Darts-WM: Nummer 12 der Welt scheitert! Erstes Sensationsaus bei der WM | Sport"},"content":{"rendered":"<p>DARTS gibt&#8217;s doch gar nicht! Am 2. Turniertag gibt es bereits die erste Mega-\u00dcberraschung bei der <a href=\"https:\/\/www.bild.de\/sport\/mehr-sport\/darts\/startseite-darts-49279462.bild.html\" class=\"text-link\" rel=\"nofollow noopener\" target=\"_blank\">Darts-WM<\/a>.<\/p>\n<p><b>Mit Ross Smith (36) ist die Nummer 12 der Welt in der 1. Runde gescheitert. Er verliert sein Match gegen die Nummer 114 der Welt, Andreas Harrysson (50), mit 2:3.<\/b><\/p>\n<p>Deb\u00fctant \u00fcberragt: Deutscher Darts-Knaller zum WM-Start!<a class=\"anchor video-teaser__anchor\" href=\"https:\/\/www.bild.de\/sport\/mehr-sport\/darts-wm-deutscher-debuetant-mit-knaller-zum-wm-start-693c0786840050c476910fa7\" rel=\"nofollow noopener\" target=\"_blank\"><img decoding=\"async\" width=\"992\" height=\"558\" alt=\"Darts-WM: Deutscher Deb\u00fctant mit Knaller zum WM-Start!\" src=\"https:\/\/www.europesays.com\/de\/wp-content\/uploads\/2025\/12\/1fe9de83df68d25b9baa0d5aec5517a8-landscape,245e034c\"   class=\"landscape teaser__image\" loading=\"lazy\"\/><\/a><\/p>\n<p>Quelle: DAZN12.12.2025<\/p>\n<p><b>Ross verballert dabei sechs Matchdarts.<\/b><\/p>\n<p><b>Noch schlimmer: <\/b>Der Engl\u00e4nder f\u00fchrt sogar mit 2:0 in den S\u00e4tzen. Alles sieht nach einem sicheren Sieg aus. Doch dann versagen ihm die Nerven.<\/p>\n<p><img decoding=\"async\" width=\"992\" height=\"558\" alt=\"Markenzeichen: Rauschbart. Harrysson zieht in die n\u00e4chste Runde ein\" src=\"https:\/\/www.europesays.com\/de\/wp-content\/uploads\/2025\/12\/be3034b1d4a797dabfe57cd326eb6444,d026a082\"   class=\"landscape\" loading=\"lazy\"\/><\/p>\n<p class=\"fig__caption__text\">Markenzeichen Rauschebart: Harrysson zieht in die n\u00e4chste Runde ein<\/p>\n<p>Foto: Getty Images<\/p>\n<p><b>Der Schwede l\u00e4sst sich das nicht zweimal sagen. Allerdings hat auch er Probleme, das Match zu beenden. Mit seinem f\u00fcnften Matchdart klappt es dann doch. \u201eEs ist fantastisch, absolut fantastisch\u201c, sagt der WM-Deb\u00fctant.<\/b><\/p>\n<p>Vor einem Monat habe er beruflich eine Pause eingelegt, um mehr trainieren zu k\u00f6nnen, verriet Harrysson nach der Partie. Nun sollte es sich auszahlen: \u201eIch dachte: Nimm dir die Gelegenheit und schau, was du damit anfangen kannst.\u201c<\/p>\n<p>Der Schwede abschlie\u00dfend: \u201eEs ist ein tolles Gef\u00fchl. Ich hoffe, ich kann daran in den kommenden Matches ankn\u00fcpfen.\u201c Weiter geht es f\u00fcr ihn am 20. Dezember mit dem Match zwischen Thibault Tricole und Motomu Sakai \u2013 eine machbare Aufgabe.<\/p>\n<p>Mehr zum ThemaDarts-WM 2026, die Ergebnisse des Tages<\/p>\n<p>Nachmittag:<\/p>\n<p>Niels Zonneveld (NED) \u2013 Haupai Puha (NZL) 3:0<\/p>\n<p>Ian White (ENG) \u2013 Mervyn King (ENG) 3:2<\/p>\n<p>Ryan Searle (ENG\/20) \u2013 Chris Landman (NED) 3:0<\/p>\n<p>Rob Cross (ENG\/17) \u2013 Cor Dekker (NOR) 3:0<\/p>\n<p>Abend:<\/p>\n<p>Ross Smith (ENG\/12) \u2013 Andreas Harrysson (SWE) 2:3<\/p>\n<p>Ricky Evans (ENG) \u2013 Man Lok Leung (HKG) 3:0<\/p>\n<p>Gian van Veen (NED\/10) \u2013 Cristo Reyes (ESP) 3:1<\/p>\n<p>Damon Heta (AUS\/16) \u2013 Steve Lennon (IRL) 3:1<\/p>\n","protected":false},"excerpt":{"rendered":"DARTS gibt&#8217;s doch gar nicht! Am 2. Turniertag gibt es bereits die erste Mega-\u00dcberraschung bei der Darts-WM. Mit&hellip;\n","protected":false},"author":2,"featured_media":642549,"comment_status":"","ping_status":"","sticky":false,"template":"","format":"standard","meta":{"footnotes":""},"categories":[136],"tags":[1263,5500,3867,5498,5499,29,30,265,45,5501],"class_list":{"0":"post-642548","1":"post","2":"type-post","3":"status-publish","4":"format-standard","5":"has-post-thumbnail","7":"category-sport","8":"tag-aufmacher-bereich","9":"tag-dart-sportler","10":"tag-darts","11":"tag-darts-ereignisse","12":"tag-darts-wm","13":"tag-deutschland","14":"tag-germany","15":"tag-sport","16":"tag-texttospeech","17":"tag-van-gerwen-michael"},"share_on_mastodon":{"url":"https:\/\/pubeurope.com\/@de\/115709545473550576","error":""},"_links":{"self":[{"href":"https:\/\/www.europesays.com\/de\/wp-json\/wp\/v2\/posts\/642548","targetHints":{"allow":["GET"]}}],"collection":[{"href":"https:\/\/www.europesays.com\/de\/wp-json\/wp\/v2\/posts"}],"about":[{"href":"https:\/\/www.europesays.com\/de\/wp-json\/wp\/v2\/types\/post"}],"author":[{"embeddable":true,"href":"https:\/\/www.europesays.com\/de\/wp-json\/wp\/v2\/users\/2"}],"replies":[{"embeddable":true,"href":"https:\/\/www.europesays.com\/de\/wp-json\/wp\/v2\/comments?post=642548"}],"version-history":[{"count":0,"href":"https:\/\/www.europesays.com\/de\/wp-json\/wp\/v2\/posts\/642548\/revisions"}],"wp:featuredmedia":[{"embeddable":true,"href":"https:\/\/www.europesays.com\/de\/wp-json\/wp\/v2\/media\/642549"}],"wp:attachment":[{"href":"https:\/\/www.europesays.com\/de\/wp-json\/wp\/v2\/media?parent=642548"}],"wp:term":[{"taxonomy":"category","embeddable":true,"href":"https:\/\/www.europesays.com\/de\/wp-json\/wp\/v2\/categories?post=642548"},{"taxonomy":"post_tag","embeddable":true,"href":"https:\/\/www.europesays.com\/de\/wp-json\/wp\/v2\/tags?post=642548"}],"curies":[{"name":"wp","href":"https:\/\/api.w.org\/{rel}","templated":true}]}}