{"id":642558,"date":"2025-12-13T01:03:17","date_gmt":"2025-12-13T01:03:17","guid":{"rendered":"https:\/\/www.europesays.com\/de\/642558\/"},"modified":"2025-12-13T01:03:17","modified_gmt":"2025-12-13T01:03:17","slug":"parteitag-in-muenchen-soeder-mit-magerem-ergebnis-als-csu-chef-bestaetigt","status":"publish","type":"post","link":"https:\/\/www.europesays.com\/de\/642558\/","title":{"rendered":"Parteitag in M\u00fcnchen: S\u00f6der mit magerem Ergebnis als CSU-Chef best\u00e4tigt"},"content":{"rendered":"<p>Parteitag in M\u00fcnchenS\u00f6der mit magerem Ergebnis als CSU-Chef best\u00e4tigt12.12.2025, 18:29 Uhr <a href=\"https:\/\/www.n-tv.de\/autoren\/Hubertus-Volmer-article13634981.html\" class=\"article-detail-head_author___bDMZ\" target=\"_blank\" rel=\"noopener\"><img decoding=\"async\" class=\"Image_img__fQCi0 Image_Img_1_1__Ei3jf\" loading=\"eager\" fetchpriority=\"high\" src=\"https:\/\/www.europesays.com\/de\/wp-content\/uploads\/2025\/12\/b58b01e6-b3b2-4108-ace9-39b8c6dbd390.webp.webp\" alt=\"b58b01e6-b3b2-4108-ace9-39b8c6dbd390\"\/>Von Hubertus Volmer, M\u00fcnchen<\/a><img decoding=\"async\" class=\"Image_img__fQCi0 Image_Img_16_9__4BLfH widget-picture-inline_maximizable__t_E7h\" loading=\"eager\" fetchpriority=\"high\" src=\"https:\/\/www.europesays.com\/de\/wp-content\/uploads\/2025\/12\/CSU-Parteitag-2025-am-12-12-2025-in-der-Messe-Muenchen-Markus-Soeder-Ministerpraesident-Bayern-redet.webp\" alt=\"CSU-Parteitag-2025-am-12-12-2025-in-der-Messe-Muenchen-Markus-Soeder-Ministerpraesident-Bayern-redet-auf-dem-CSU-Parteitag-am-12-12\"\/>Markus S\u00f6der ging bei seiner Rede auch auf Kritik ein &#8211; seine Kritiker \u00fcberzeugen konnte er offenbar nicht in ausreichendem Ma\u00df. (Foto: picture alliance\/dpa\/Revierfoto)TeilenFolgen auf:<a href=\"https:\/\/www.whatsapp.com\/channel\/0029Va5cdVJD8SDp5YZgYF01\" title=\"Auf WhatsApp folgen\" target=\"_blank\" rel=\"noopener\"><img decoding=\"async\" src=\"https:\/\/www.n-tv.de\/socialIcons\/whatsapp.svg\" alt=\"whatsapp\" class=\"ArticleShare_icon__FsrC2\"\/><\/a><a href=\"https:\/\/news.google.com\/publications\/CAAiEPMdif5mpRNxiLOeUpHCwwsqFAgKIhDzHYn-ZqUTcYiznlKRwsML?hl=de&amp;gl=DE&amp;ceid=DE%3Ade\" title=\"Auf Google News folgen\" target=\"_blank\" rel=\"noopener\"><img decoding=\"async\" src=\"https:\/\/www.n-tv.de\/socialIcons\/google.svg\" alt=\"whatsapp\" class=\"ArticleShare_icon__FsrC2\"\/><\/a><\/p>\n<p class=\"Typography_text-m__XI0da Typography_weight-bold__uT6mq storyline_lead_text_leadtext__q_wg8\">Der CSU-Parteitag in M\u00fcnchen best\u00e4tigt Markus S\u00f6der als Parteichef. Allgemein war ein Ergebnis von mindestens 90 Prozent erwartet worden. Tats\u00e4chlich wird es deutlich weniger &#8211; so wenig wie noch nie f\u00fcr S\u00f6der.<\/p>\n<p class=\"Typography_text-default__P3otY Typography_weight-normal__pqUbH storyline_paragraph_p__qSR5N\">Ein so schlechtes Ergebnis hatte Markus S\u00f6der wohl nicht erwartet: Mit nur 531 von 635 g\u00fcltigen Stimmen wurde S\u00f6der auf dem CSU-Parteitag in M\u00fcnchen als Parteivorsitzender wiedergew\u00e4hlt. 83,6 Prozent. &#8222;Ja, bedanke mich f\u00fcr das Vertrauen, vielen Dank, Dankesch\u00f6n&#8220;, sagt er mit leicht entt\u00e4uschtem Unterton, als er wie \u00fcblich gefragt wird, ob er das Ergebnis annimmt.<\/p>\n<p class=\"Typography_text-default__P3otY Typography_weight-normal__pqUbH storyline_paragraph_p__qSR5N\">Was in anderen Parteien ein ordentlicher Wahlausgang w\u00e4re, ist S\u00f6ders schlechtestes Ergebnis: Bei seiner ersten Wahl zum CSU-Chef im Januar 2019 hatte er 87,4 Prozent bekommen, im Oktober desselben Jahres 91,3 Prozent, dann 87,6 Prozent im September 2021. <\/p>\n<p class=\"Typography_text-default__P3otY Typography_weight-normal__pqUbH storyline_paragraph_p__qSR5N\">Vor zwei Jahren schlie\u00dflich, kurz vor den bayerischen Landtagswahlen, best\u00e4tigte ein CSU-Parteitag S\u00f6der mit 96,56 Prozent im Amt, seinem bisherigen Rekordergebnis. Das war zwar kurz vor einer Landtagswahl. Aber auch jetzt stehen Wahlen an: Kommunalwahlen, im M\u00e4rz n\u00e4chsten Jahres. Auch deshalb hatte die Parteispitze auf ein Signal der Geschlossenheit gehofft. Das f\u00e4llt nun d\u00fcrftig aus. Sp\u00e4ter am Abend erh\u00e4lt unter den f\u00fcnf stellvertretenden CSU-Vorsitzenden ausgerechnet Manfred Weber mit 93,7 Prozent das beste Ergebnis. Weber ist EVP-Chef im Europaparlament und meldet sich immer wieder mit zumindest indirekter Kritik an S\u00f6der zu Wort.<\/p>\n<p class=\"Typography_text-default__P3otY Typography_weight-normal__pqUbH storyline_paragraph_p__qSR5N\">In seiner gut 75-min\u00fctigen Rede hatte S\u00f6der sich als ersten Diener der Partei dargestellt und den Vorwurf zur\u00fcckgewiesen, die CSU bestehe nur aus ihrem Vorsitzenden. Er h\u00f6re immer, die CSU brauche ein Team. &#8222;Macht doch mal ein Quiz: Sagt mir f\u00fcnf Leute von den Oppositionsparteien in Bayern&#8220;, konterte S\u00f6der den Vorwurf. Seine Botschaft: &#8222;Wir haben mehr zu bieten, wir sind auch breit aufgestellt.&#8220;<\/p>\n<p>&#8222;Absolute Champions League&#8220;<\/p>\n<p class=\"Typography_text-default__P3otY Typography_weight-normal__pqUbH storyline_paragraph_p__qSR5N\">Allerdings konnte man zu Beginn des Parteitags durchaus den Eindruck gewinnen, die CSU sei eine One-Man-Show. Die einf\u00fchrenden Worte von CSU-Generalsekret\u00e4r Martin Huber waren \u00fcber weite Strecken eine gro\u00dfe Lobhudelei des Vorsitzenden. &#8222;Deine Bilanz ist wie der FC Bayern: absolute Champions League&#8220;, sagte Huber. Oder: &#8222;Das Pensum, das er f\u00fcr unsere Partei hinlegt, ist wirklich beeindruckend.&#8220; Tats\u00e4chlich ist S\u00f6der ein Parteichef, der viele Termine wahrnimmt &#8211; was Kritiker dann wiederum monieren l\u00e4sst, es brauche mehr inhaltliche Tiefe und einen deutlicheren Kompass.<\/p>\n<p class=\"Typography_text-default__P3otY Typography_weight-normal__pqUbH storyline_paragraph_p__qSR5N\">Auch diese Kritik wies S\u00f6der zur\u00fcck. Noch immer w\u00fcrden in der CSU die gleichen Grundwerte gelten wie bei der Gr\u00fcndung der Partei im Jahr 1945: demokratischer Rechtsstaat, soziale Marktwirtschaft, christliches Menschenbild, bayerische Eigenstaatlichkeit.<\/p>\n<p>&#8222;Wir k\u00f6nnten ohne Deutschland&#8220;<\/p>\n<p class=\"Typography_text-default__P3otY Typography_weight-normal__pqUbH storyline_paragraph_p__qSR5N\">Wie bei der CSU \u00fcblich, ging es in S\u00f6ders Rede viel um die St\u00e4rke Bayerns. &#8222;Wir k\u00f6nnten ohne Deutschland&#8220;, sagte der Ministerpr\u00e4sident. &#8222;Aber Deutschland ohne Bayern w\u00e4re restlos pleite und hilflos.&#8220; S\u00f6der z\u00e4hlte auf, wo Bayern \u00fcberall &#8222;Nummer eins&#8220; sei. In der Bildung etwa sei Bayern &#8222;seit 75 Jahren oben, weil es die CSU gibt. Und Bremen ist seit 75 Jahren unten, weil es die SPD gibt.&#8220;<\/p>\n<p><img decoding=\"async\" class=\"Image_img__fQCi0 Image_Img_16_9__4BLfH widget-picture-inline_maximizable__t_E7h\" loading=\"lazy\" src=\"https:\/\/www.n-tv.de\/logo_grey.svg\" alt=\"Markus-Soeder-Ministerpraesident-Bayern-auf-dem-Parteitag-waehrend-seiner-Rede-vor-der-Wahl-des-Parteivorsitzenden\"\/>CSU-Chef S\u00f6der hielt eine &#8222;fulminante Rede voller Leidenschaft und Weitblick&#8220;, lobte sein Generalsekret\u00e4r sp\u00e4ter. (Foto: picture alliance \/ Chris Emil Jan\u00dfen)<\/p>\n<p class=\"Typography_text-default__P3otY Typography_weight-normal__pqUbH storyline_paragraph_p__qSR5N\">Allerdings hielten sich die Attacken auf politische Gegner in Grenzen. &#8222;Wir leben in Zeiten, die so schwierig wie nie sind. Deshalb gibt es heute auch keine Bierzeltrede oder eine Verh\u00f6hnung von anderen&#8220;, k\u00fcndigte er zu Beginn seines Auftritts an. &#8222;Was fr\u00fcher unbestreitbar war, das wackelt heute. Deutschland ist tief in der Rezession und gef\u00fchlt geht es immer weiter.&#8220;<\/p>\n<p class=\"Typography_text-default__P3otY Typography_weight-normal__pqUbH storyline_paragraph_p__qSR5N\">S\u00f6ders f\u00fcnfte Wiederwahl als CSU-Vorsitzender stand im Zentrum des zweit\u00e4gigen Parteitags. Zum Abschluss spricht am Samstag Bundeskanzler Friedrich Merz vor den Delegierten. <\/p>\n<p class=\"Typography_text-default__P3otY Typography_weight-normal__pqUbH storyline_paragraph_p__qSR5N\">In seiner Rede wies S\u00f6der zudem auf die Bilanz der CSU in den Koalitionen in Berlin und M\u00fcnchen hin. &#8222;Wir haben alles durchgesetzt, was wir uns vorgenommen haben&#8220;, sagte er. &#8222;Dies ist eine Gemeinschaftsleistung von uns allen, darauf k\u00f6nnt ihr stolz sein.&#8220;<\/p>\n<p>&#8222;Ich gebe wirklich alles&#8220;<\/p>\n<p class=\"Typography_text-default__P3otY Typography_weight-normal__pqUbH storyline_paragraph_p__qSR5N\">S\u00f6ders verwies zudem auf Erfolge wie die M\u00fctterrente, das Aus vom Verbrenner-Aus, oder, dass er &#8222;ein bisschen was zur\u00fcckgeholt&#8220; habe vom Geld, das Bayern stets an die anderen Bundesl\u00e4nder \u00fcberweise, &#8222;eine knappe Milliarde&#8220;. Union und SPD hatten sich in ihrem Koalitionsvertrag darauf verst\u00e4ndigt, dass die Geberl\u00e4nder im L\u00e4nderfinanzausgleich entsch\u00e4digt werden. F\u00fcr Bayern sind dies in den kommenden vier Jahren 850 Millionen Euro, wie die Koalition am Donnerstag mitgeteilt hatte.<\/p>\n<p class=\"Typography_text-default__P3otY Typography_weight-normal__pqUbH storyline_paragraph_p__qSR5N\">S\u00f6der r\u00e4umte ein, dass diese Summe nicht reiche: Allein in diesem Jahr werde Bayern 12 Milliarden Euro an den L\u00e4nderfinanzausgleich zahlen, w\u00e4hrend sich andere L\u00e4nder Dinge leisten w\u00fcrden, die Bayern sich nicht leiste &#8211; etwa kostenloses Mittagessen f\u00fcr Kita-Kinder und kostenlose \u00d6PNV-Tickets f\u00fcr Sch\u00fcler. &#8222;Es kann nicht weiter so sein, dass wir den Rest der Republik finanzieren&#8220;, sagte er, deshalb halte Bayern an seiner Klage gegen den L\u00e4nderfinanzausgleich fest.<\/p>\n<p class=\"Typography_text-default__P3otY Typography_weight-normal__pqUbH storyline_paragraph_p__qSR5N\">Am Schluss seiner Rede schien S\u00f6der sich geradezu von einer verletzlichen Seite zu zeigen. &#8222;Ich gebe wirklich alles, was ich habe, manchmal bis an die Grenze des k\u00f6rperlich Machbaren&#8220;, sagte er \u00fcber seinen Einsatz f\u00fcr die CSU. Als er am Ende rief, &#8222;Gott sch\u00fctze unsere CSU&#8220;, erhielt er denn auch stehende Ovationen und minutenlagen Beifall.<\/p>\n<p class=\"Typography_text-default__P3otY Typography_weight-normal__pqUbH storyline_paragraph_p__qSR5N\">Aber eben auch nur 83,6 Prozent. <\/p>\n<p class=\"Typography_text-s__wu_cm Typography_weight-normal__pqUbH Typography_color-darkgrey__sZEnP article-detail-footer_source__KslPc\">Quelle: ntv.de<\/p>\n","protected":false},"excerpt":{"rendered":"Parteitag in M\u00fcnchenS\u00f6der mit magerem Ergebnis als CSU-Chef best\u00e4tigt12.12.2025, 18:29 Uhr Von Hubertus Volmer, M\u00fcnchenMarkus S\u00f6der ging bei&hellip;\n","protected":false},"author":2,"featured_media":642559,"comment_status":"","ping_status":"","sticky":false,"template":"","format":"standard","meta":{"footnotes":""},"categories":[2],"tags":[774,29,30,13,771,1268,14,15,7784,16,12,10,8,9,11],"class_list":{"0":"post-642558","1":"post","2":"type-post","3":"status-publish","4":"format-standard","5":"has-post-thumbnail","7":"category-deutschland","8":"tag-csu","9":"tag-deutschland","10":"tag-germany","11":"tag-headlines","12":"tag-markus-soeder","13":"tag-muenchen","14":"tag-nachrichten","15":"tag-news","16":"tag-parteitag","17":"tag-politik","18":"tag-schlagzeilen","19":"tag-top-news","20":"tag-top-meldungen","21":"tag-topmeldungen","22":"tag-topnews"},"share_on_mastodon":{"url":"https:\/\/pubeurope.com\/@de\/115709569278335879","error":""},"_links":{"self":[{"href":"https:\/\/www.europesays.com\/de\/wp-json\/wp\/v2\/posts\/642558","targetHints":{"allow":["GET"]}}],"collection":[{"href":"https:\/\/www.europesays.com\/de\/wp-json\/wp\/v2\/posts"}],"about":[{"href":"https:\/\/www.europesays.com\/de\/wp-json\/wp\/v2\/types\/post"}],"author":[{"embeddable":true,"href":"https:\/\/www.europesays.com\/de\/wp-json\/wp\/v2\/users\/2"}],"replies":[{"embeddable":true,"href":"https:\/\/www.europesays.com\/de\/wp-json\/wp\/v2\/comments?post=642558"}],"version-history":[{"count":0,"href":"https:\/\/www.europesays.com\/de\/wp-json\/wp\/v2\/posts\/642558\/revisions"}],"wp:featuredmedia":[{"embeddable":true,"href":"https:\/\/www.europesays.com\/de\/wp-json\/wp\/v2\/media\/642559"}],"wp:attachment":[{"href":"https:\/\/www.europesays.com\/de\/wp-json\/wp\/v2\/media?parent=642558"}],"wp:term":[{"taxonomy":"category","embeddable":true,"href":"https:\/\/www.europesays.com\/de\/wp-json\/wp\/v2\/categories?post=642558"},{"taxonomy":"post_tag","embeddable":true,"href":"https:\/\/www.europesays.com\/de\/wp-json\/wp\/v2\/tags?post=642558"}],"curies":[{"name":"wp","href":"https:\/\/api.w.org\/{rel}","templated":true}]}}