{"id":642564,"date":"2025-12-13T01:07:00","date_gmt":"2025-12-13T01:07:00","guid":{"rendered":"https:\/\/www.europesays.com\/de\/642564\/"},"modified":"2025-12-13T01:07:00","modified_gmt":"2025-12-13T01:07:00","slug":"strassensperrungen-beim-atg-winterlauf-in-aachen","status":"publish","type":"post","link":"https:\/\/www.europesays.com\/de\/642564\/","title":{"rendered":"Stra\u00dfensperrungen beim ATG-Winterlauf in Aachen"},"content":{"rendered":"<p class=\"Paragraph_paragraph__exhQA Paragraph_paragraph--default-lg-default__8QZrI articleParagraph\">Bei der 62. Auflage des ATG-Winterlaufs werden am kommenden Sonntag, 14. Dezember, ab 11 Uhr fast 2500 L\u00e4uferinnen und L\u00e4ufer an den Start gehen. Die Laufstrecke f\u00fchrt von Venwegen \u00fcber Kornelim\u00fcnster und Hitfeld durch den Aachener Wald zum ATG-Sportplatz Am Chorusberg. W\u00e4hrend des Laufs wird es zwischen 11 und 13.30 Uhr zu Verkehrsbehinderungen kommen.<\/p>\n<p class=\"Paragraph_paragraph__exhQA Paragraph_paragraph--default-lg-default__8QZrI articleParagraph\">An folgenden Stellen werden Stra\u00dfen komplett gesperrt:\u00a0Hitfelder Stra\u00dfe (\u00dcberquerung Kreuzerdriesch, 11,.30 bis ca. 12.15 Uhr); Monschauer Stra\u00dfe (\u00dcberquerung Parkplatz Pionierquelle, 11.40 bis ca. 12:45 Uhr); Eupener Stra\u00dfe (H\u00f6he Pommerotter Weg, 11.45 bis ca. 13.30 Uhr). <\/p>\n<p><a href=\"https:\/\/www.aachener-zeitung.de\/lokales\/region-aachen\/aachen\/atg-winterlauf-unterbietet-der-titelverteidiger-seine-fabelzeit\/111528628.html\" class=\"RelatedTeaser_related-teaser__w3AgI RelatedTeaser_related-teaser--image__GJcRr read-more_withImage__1YJa_\" data-article-id=\"111528628\" target=\"_blank\" rel=\"noopener\"><\/p>\n<p>Lesen Sie auch:ATG-Winterlauf: Unterbietet der Titelverteidiger seine Fabelzeit?<\/p>\n<p><\/a><a href=\"https:\/\/www.aachener-zeitung.de\/lokales\/region-aachen\/aachen\/atg-winterlauf-2025-ausgebucht\/111148021.html\" class=\"RelatedTeaser_related-teaser__w3AgI RelatedTeaser_related-teaser--image__GJcRr read-more_withImage__1YJa_\" data-article-id=\"111148021\" target=\"_blank\" rel=\"noopener\"><\/p>\n<p>Lesen Sie auch:ATG-Winterlauf 2025 ausgebucht<\/p>\n<p><\/a><\/p>\n<p class=\"Paragraph_paragraph__exhQA Paragraph_paragraph--default-lg-default__8QZrI articleParagraph\">Autofahrer werden gebeten, diese Bereiche weitr\u00e4umig zu umfahren.\u00a0Freie Fahrt in Richtung Belgien und Eifel sowie stadteinw\u00e4rts, besteht auf der L\u00fctticher Stra\u00dfe und der Trierer Stra\u00dfe. <\/p>\n<p class=\"Paragraph_paragraph__exhQA Paragraph_paragraph--default-lg-default__8QZrI articleParagraph\">Da die Parkpl\u00e4tze rund um den Sportplatz Am Chorusberg rar sind, bitten die Veranstalter alle Teilnehmenden und Zuschauenden, fr\u00fchzeitig anzureisen, m\u00f6glichst \u00f6ffentliche Verkehrsmittel zu nutzen und den letzten Kilometer ihrerseits als Fu\u00dfweg einzuplanen.<\/p>\n<p class=\"Paragraph_paragraph__exhQA Paragraph_paragraph--default-lg-default__8QZrI articleParagraph\">Das Ordnungsamt wird wie in den vergangenen Jahren das ordnungsgem\u00e4\u00dfe Parken kontrollieren. Aus gegebenem Anlass wird darauf hingewiesen, dass dies auch auf den \u00a0Gr\u00fcnstreifen sowie B\u00fcrgersteigen und Radwegen entlang des Luxemburger Rings und der Eupener Stra\u00dfe gilt.<\/p>\n","protected":false},"excerpt":{"rendered":"Bei der 62. Auflage des ATG-Winterlaufs werden am kommenden Sonntag, 14. Dezember, ab 11 Uhr fast 2500 L\u00e4uferinnen&hellip;\n","protected":false},"author":2,"featured_media":642565,"comment_status":"","ping_status":"","sticky":false,"template":"","format":"standard","meta":{"footnotes":""},"categories":[1853],"tags":[1424,3364,29,548,663,3934,30,13,14,15,1209,12],"class_list":{"0":"post-642564","1":"post","2":"type-post","3":"status-publish","4":"format-standard","5":"has-post-thumbnail","7":"category-aachen","8":"tag-aachen","9":"tag-de","10":"tag-deutschland","11":"tag-eu","12":"tag-europa","13":"tag-europe","14":"tag-germany","15":"tag-headlines","16":"tag-nachrichten","17":"tag-news","18":"tag-nordrhein-westfalen","19":"tag-schlagzeilen"},"share_on_mastodon":{"url":"https:\/\/pubeurope.com\/@de\/115709584943257142","error":""},"_links":{"self":[{"href":"https:\/\/www.europesays.com\/de\/wp-json\/wp\/v2\/posts\/642564","targetHints":{"allow":["GET"]}}],"collection":[{"href":"https:\/\/www.europesays.com\/de\/wp-json\/wp\/v2\/posts"}],"about":[{"href":"https:\/\/www.europesays.com\/de\/wp-json\/wp\/v2\/types\/post"}],"author":[{"embeddable":true,"href":"https:\/\/www.europesays.com\/de\/wp-json\/wp\/v2\/users\/2"}],"replies":[{"embeddable":true,"href":"https:\/\/www.europesays.com\/de\/wp-json\/wp\/v2\/comments?post=642564"}],"version-history":[{"count":0,"href":"https:\/\/www.europesays.com\/de\/wp-json\/wp\/v2\/posts\/642564\/revisions"}],"wp:featuredmedia":[{"embeddable":true,"href":"https:\/\/www.europesays.com\/de\/wp-json\/wp\/v2\/media\/642565"}],"wp:attachment":[{"href":"https:\/\/www.europesays.com\/de\/wp-json\/wp\/v2\/media?parent=642564"}],"wp:term":[{"taxonomy":"category","embeddable":true,"href":"https:\/\/www.europesays.com\/de\/wp-json\/wp\/v2\/categories?post=642564"},{"taxonomy":"post_tag","embeddable":true,"href":"https:\/\/www.europesays.com\/de\/wp-json\/wp\/v2\/tags?post=642564"}],"curies":[{"name":"wp","href":"https:\/\/api.w.org\/{rel}","templated":true}]}}