{"id":642568,"date":"2025-12-13T01:09:15","date_gmt":"2025-12-13T01:09:15","guid":{"rendered":"https:\/\/www.europesays.com\/de\/642568\/"},"modified":"2025-12-13T01:09:15","modified_gmt":"2025-12-13T01:09:15","slug":"bemerkenswerte-worte-nach-einer-verheerenden-niederlage","status":"publish","type":"post","link":"https:\/\/www.europesays.com\/de\/642568\/","title":{"rendered":"Bemerkenswerte Worte nach einer verheerenden Niederlage"},"content":{"rendered":"<p class=\"bold\">\n\t\t\t\t\t\t\t\t\t\tMit 67:86 haben sich die Chemnitzer Basketballer am Freitagabend in der eigenen Halle von harmlosen W\u00fcrzburg Baskets abschie\u00dfen lassen. Beide Trainer \u00e4u\u00dferten sich auf interessante Weise dazu.\t\t\t\t<\/p>\n<p>\t\t\t\t Wenn man seinen eigenen Trainer nach immer lauter werdender \u00f6ffentlicher Kritik aus der Schusslinie nehmen will, reichen Worte nicht. Das wurde am Freitagabend f\u00fcr die Spieler der Niners Chemnitz schmerzhaft klar. Am Dienstag, nach drei schlechten Vierteln im Eurocupspiel gegen Panionios Athen und einer Aufholjagd im letzten Abschnitt, die&#8230;<\/p>\n<p>\t\t<img decoding=\"async\" class=\"fp-plus-logo\" src=\"https:\/\/www.freiepresse.de\/img\/fpplus.svg\" alt=\"Freie Presse plus Logo\"\/><\/p>\n<p>Registrieren und testen.<\/p>\n<p>Jetzt mit Ihrer Registrierung 1 Monat gratis testen und alle Beitr\u00e4ge lesen.<\/p>\n<p>Schon Abonnent? Melden Sie sich mit ihren Zugangsdaten an.<\/p>\n","protected":false},"excerpt":{"rendered":"Mit 67:86 haben sich die Chemnitzer Basketballer am Freitagabend in der eigenen Halle von harmlosen W\u00fcrzburg Baskets abschie\u00dfen&hellip;\n","protected":false},"author":2,"featured_media":642569,"comment_status":"","ping_status":"","sticky":false,"template":"","format":"standard","meta":{"footnotes":""},"categories":[1851],"tags":[2770,3364,29,548,663,3934,30,13,14,15,859,12,7077],"class_list":{"0":"post-642568","1":"post","2":"type-post","3":"status-publish","4":"format-standard","5":"has-post-thumbnail","7":"category-chemnitz","8":"tag-chemnitz","9":"tag-de","10":"tag-deutschland","11":"tag-eu","12":"tag-europa","13":"tag-europe","14":"tag-germany","15":"tag-headlines","16":"tag-nachrichten","17":"tag-news","18":"tag-sachsen","19":"tag-schlagzeilen","20":"tag-sportwettbewerbe"},"share_on_mastodon":{"url":"https:\/\/pubeurope.com\/@de\/115709593225057688","error":""},"_links":{"self":[{"href":"https:\/\/www.europesays.com\/de\/wp-json\/wp\/v2\/posts\/642568","targetHints":{"allow":["GET"]}}],"collection":[{"href":"https:\/\/www.europesays.com\/de\/wp-json\/wp\/v2\/posts"}],"about":[{"href":"https:\/\/www.europesays.com\/de\/wp-json\/wp\/v2\/types\/post"}],"author":[{"embeddable":true,"href":"https:\/\/www.europesays.com\/de\/wp-json\/wp\/v2\/users\/2"}],"replies":[{"embeddable":true,"href":"https:\/\/www.europesays.com\/de\/wp-json\/wp\/v2\/comments?post=642568"}],"version-history":[{"count":0,"href":"https:\/\/www.europesays.com\/de\/wp-json\/wp\/v2\/posts\/642568\/revisions"}],"wp:featuredmedia":[{"embeddable":true,"href":"https:\/\/www.europesays.com\/de\/wp-json\/wp\/v2\/media\/642569"}],"wp:attachment":[{"href":"https:\/\/www.europesays.com\/de\/wp-json\/wp\/v2\/media?parent=642568"}],"wp:term":[{"taxonomy":"category","embeddable":true,"href":"https:\/\/www.europesays.com\/de\/wp-json\/wp\/v2\/categories?post=642568"},{"taxonomy":"post_tag","embeddable":true,"href":"https:\/\/www.europesays.com\/de\/wp-json\/wp\/v2\/tags?post=642568"}],"curies":[{"name":"wp","href":"https:\/\/api.w.org\/{rel}","templated":true}]}}