{"id":642570,"date":"2025-12-13T01:10:19","date_gmt":"2025-12-13T01:10:19","guid":{"rendered":"https:\/\/www.europesays.com\/de\/642570\/"},"modified":"2025-12-13T01:10:19","modified_gmt":"2025-12-13T01:10:19","slug":"u23-siegt-mit-41-eintracht-braunschweig","status":"publish","type":"post","link":"https:\/\/www.europesays.com\/de\/642570\/","title":{"rendered":"U23 siegt mit 4:1 &#8211; Eintracht Braunschweig"},"content":{"rendered":"<p>\t\t&#13;<br \/>\n\t\t\t&#13;<br \/>\n\t\t&#13;<br \/>\n&#13;<br \/>\n\t  <img decoding=\"async\" data-src=\"https:\/\/www.eintracht.com\/fileadmin\/_processed_\/9\/d\/csm_Bild_Nachbericht_NLZ___Frauen_1_08.12_c9900f2270.jpg\" data- data- src=\"data:image\/svg+xml;charset=utf-8,%3Csvg%20xmlns=\" http:=\"\" class=\"js-lazy-load\" alt=\"\"\/>&#13;<br \/>\n&#13;<br \/>\n\t  &#13;<br \/>\n  &#13;<br \/>\n&#13;<\/p>\n<p>12.12.2025<\/p>\n<p><strong>U23 verabschiedet sich mit einem Sieg in die Winterpause<\/strong><\/p>\n<p><strong>Auf den verdienten Punktgewinn am vergangenen Wochenende beim SV Atlas Delmenhorst folgte nun die letzte Partie vor der Winterpause der U23. Der Wermutstropfen des guten Auftritts in Bremen: Profikeeper Marko Rajkovacic wurde mit Gelb-Rot im Nachgang der Partie vom Platz gestellt und fehlte damit im Flutlichtspiel am Freitag. Neben dem Wechsel auf der Torh\u00fcterposition schickte Eintracht-Interimstrainer Ken Reichel eine leicht ver\u00e4nderte Startelf im Vergleich zur vergangenen Partie gegen den Tabellenletzten SV Holthausen Biene ins Rennen.\u00a0<\/strong><\/p>\n<p>In einer zum Gro\u00dfteil ereignisarmen Anfangsphase war es Jona Renner, der die erste Chance der Partie hatte. Aus spitzem Winkel scheiterte dieser erst am Holthausener Schlussmann, worauf auch sein zweiter Versuch vom Verteidiger des SV gekl\u00e4rt werden konnte (10&#8242;). Im Verlauf der ersten Halbzeit immer spielbestimmender, lie\u00df auch die n\u00e4chste Gro\u00dfchance der L\u00f6wen nicht lange auf sich warten. Nach einer pr\u00e4zisen Flanke von rechts konnte der Torwart der G\u00e4ste sich nur wenige Minuten sp\u00e4ter erneut beweisen. Dieser parierte den etwas zu zentralen Volley-Abschluss aus rund elf Metern von Robin Placinta und konnte so den R\u00fcckstand seines Teams vorerst verhindern. Keine Chance hatte selbiger nur einige Momente sp\u00e4ter: Ein abgef\u00e4lschter Pass fiel Amer Buljubasic vor die F\u00fc\u00dfe. Dessen \u00fcberlegter Abschluss in die untere linke Ecke zur 1:0-F\u00fchrung der Eintracht war f\u00fcr den gut aufgestellten G\u00e4stekeeper nicht mehr zu erreichen und sorgte f\u00fcr den ersten Torschrei der rund 80 Zuschauer am Freitagabend in der Rheingoldarena. F\u00fcr den Torsch\u00fctzen selbst war es der siebte Saisontreffer der aktuellen Spielzeit. Vor allem vor heimischem Publikum ist Buljubasic besonders gef\u00e4hrlich, der 19-j\u00e4hrige Offensivspieler erzielte f\u00fcnf seiner Treffer zuhause. Die Eintracht erspielte sich bis zur Halbzeit zwar noch einige aussichtsreiche M\u00f6glichkeiten, die blieben aber ohne nennenswerte Torgefahr, sodass es mit der 1:0-F\u00fchrung in die Kabine ging.\u00a0<\/p>\n<p>Umso rasanter begann die Partie nach Wiederanpfiff. Placinta, dem sein Tor in Halbzeit eins noch durch eine gute Parade des Holthausener Keepers verwehrt worden war, vollendete nun eine butterweiche Flanke von Mohamed Dr\u00e4ger in Minute 48 zur 2:0-F\u00fchrung. Den kurzen Schock f\u00fcr die Eintracht durch den Anschlusstreffer der G\u00e4ste aus Minute 53 konterte Marvin Awuah sehenswert per Direktabnahme einer weiteren Flanke wuchtig unter die Latte und stellte so den alten Abstand nur vier Minuten sp\u00e4ter wieder her (57&#8242;). Doch so furios die zweite Halbzeit startete, so schnell verlor sich diese auch wieder an Tempo. Blau-Gelb fortan mit viel Ballbesitz, verwaltete das Geschehen und hielt die nun sehr robust in den Zweik\u00e4mpfen auftretenden G\u00e4ste \u00fcber die gesamte Dauer der restlichen Partie vom eigenen Strafraum fern. Besonders in der Schlussphase er\u00f6ffneten sich nochmal gr\u00f6\u00dfere R\u00e4ume f\u00fcr die L\u00f6wen. Nach einigen vergebenen Chancen seiner Teamkollegen, war es der eingewechselte Matteo Mazzone, der den Schlusspunkt der Partie zum 4:1-Endstand in Minute 83 setzen konnte. Interimstrainer Ken Reichel, der ein gutes N\u00e4schen f\u00fcr neue Impulse von der Bank bewies, sagte \u00fcber die Leistung seines Teams: \u201eEs war das erwartet schwere Spiel. Der gewisse Biss, der uns in der Schlussphase der ersten Halbzeit so etwas verloren gegangen war, wurde in der zweiten Halbzeit perfekt von unseren Jungs umgesetzt, sodass wir als verdienter Sieger vom Platz gehen konnten.\u201c Und auch das gesetzte Zwischenziel in Sachen Tabellensituation konnte die Reichel-Elf durch den Heimsieg weiter festigen: \u201eWir wollten das Jahr 2025 auf einem Nicht-Abstiegsplatz beenden \u2013 das haben wir geschafft\u201c, fuhr der zufriedene Eintracht-Coach fort. Mit 18 Punkten \u00fcberwintert die U23 damit auf dem zw\u00f6lften Tabellenplatz und zeigt besonders in den vergangenen Duellen eine deutliche Leistungssteigerung im Vergleich zum Saisonbeginn.<\/p>\n<p><strong>Eintracht: <\/strong>Herdes \u2013 Schlothauer (75\u2018 Szczerba), Niemann (84\u2018 Root), Laatsch, Placinta, Dr\u00e4ger, Renner, Buljubasic (75\u2018 Sever), Ziegele (84\u2018 Benstead), Awuah (75\u2018 Mazzone), Afonso.\u00a0<\/p>\n<p><strong>Tore: <\/strong>1:0 Buljubasic (21\u2018), 2:0 Placinta (48\u2018), 2:1 Ransbury (53\u2018), 3:1 Awuah (57\u2018), 4:1 Mazzone (83\u2018).<\/p>\n<p><strong>Foto: <\/strong>Torsten Utta<\/p>\n","protected":false},"excerpt":{"rendered":"&#13; &#13; &#13; &#13; &#13; &#13; &#13; &#13; &#13; 12.12.2025 U23 verabschiedet sich mit einem Sieg in die&hellip;\n","protected":false},"author":2,"featured_media":642571,"comment_status":"","ping_status":"","sticky":false,"template":"","format":"standard","meta":{"footnotes":""},"categories":[1850],"tags":[6429,3364,29,548,663,3934,30,13,14,15,1411,12],"class_list":{"0":"post-642570","1":"post","2":"type-post","3":"status-publish","4":"format-standard","5":"has-post-thumbnail","7":"category-braunschweig","8":"tag-braunschweig","9":"tag-de","10":"tag-deutschland","11":"tag-eu","12":"tag-europa","13":"tag-europe","14":"tag-germany","15":"tag-headlines","16":"tag-nachrichten","17":"tag-news","18":"tag-niedersachsen","19":"tag-schlagzeilen"},"share_on_mastodon":{"url":"https:\/\/pubeurope.com\/@de\/115709596434513807","error":""},"_links":{"self":[{"href":"https:\/\/www.europesays.com\/de\/wp-json\/wp\/v2\/posts\/642570","targetHints":{"allow":["GET"]}}],"collection":[{"href":"https:\/\/www.europesays.com\/de\/wp-json\/wp\/v2\/posts"}],"about":[{"href":"https:\/\/www.europesays.com\/de\/wp-json\/wp\/v2\/types\/post"}],"author":[{"embeddable":true,"href":"https:\/\/www.europesays.com\/de\/wp-json\/wp\/v2\/users\/2"}],"replies":[{"embeddable":true,"href":"https:\/\/www.europesays.com\/de\/wp-json\/wp\/v2\/comments?post=642570"}],"version-history":[{"count":0,"href":"https:\/\/www.europesays.com\/de\/wp-json\/wp\/v2\/posts\/642570\/revisions"}],"wp:featuredmedia":[{"embeddable":true,"href":"https:\/\/www.europesays.com\/de\/wp-json\/wp\/v2\/media\/642571"}],"wp:attachment":[{"href":"https:\/\/www.europesays.com\/de\/wp-json\/wp\/v2\/media?parent=642570"}],"wp:term":[{"taxonomy":"category","embeddable":true,"href":"https:\/\/www.europesays.com\/de\/wp-json\/wp\/v2\/categories?post=642570"},{"taxonomy":"post_tag","embeddable":true,"href":"https:\/\/www.europesays.com\/de\/wp-json\/wp\/v2\/tags?post=642570"}],"curies":[{"name":"wp","href":"https:\/\/api.w.org\/{rel}","templated":true}]}}