{"id":642572,"date":"2025-12-13T01:11:18","date_gmt":"2025-12-13T01:11:18","guid":{"rendered":"https:\/\/www.europesays.com\/de\/642572\/"},"modified":"2025-12-13T01:11:18","modified_gmt":"2025-12-13T01:11:18","slug":"siedlungsgemeinschaft-in-anrath-mehr-als-ein-zuhause","status":"publish","type":"post","link":"https:\/\/www.europesays.com\/de\/642572\/","title":{"rendered":"Siedlungsgemeinschaft in Anrath: Mehr als ein Zuhause"},"content":{"rendered":"<p class=\"text_ohne_einzug richtext text-em-55 !leading-serif mx-6 desktop:mx-0\"> Die Siedlungsgemeinschaft Schlesierstra\u00dfe, K\u00f6nigsberger Stra\u00dfe, Am Engerweg und Gr\u00fcner Weg besteht aus Nachbarn, die aufeinander achten. Die sich gegenseitig helfen, die auch gerne zusammenkommen, um gemeinsam zu feiern, f\u00fcr die der Plausch \u00fcber den Gartenzaun zum Alltag geh\u00f6rt. \u201eWir haben hier wirklich eine Nachbarschaft, in der Gemeinschaft gro\u00dfgeschrieben wird\u201c, sagt Birger Vogt, Vorsitzender des insgesamt zehnk\u00f6pfigen Vorstandes der Siedlungsgemeinschaft. Wenn jemand Hilfe ben\u00f6tige, reiche eine Anfrage in der eigens gegr\u00fcndeten Whatsapp-Gruppe. Man leihe sich untereinander Gartenger\u00e4te, Werkzeuge und auch mal einen Anh\u00e4nger, erz\u00e4hlt Vogt. Beim Thema Sicherheit achtet einer auf den anderen. Darauf weisen in der Siedlung auch entsprechende Nachbarschaftsschilder hin.<\/p>\n","protected":false},"excerpt":{"rendered":"Die Siedlungsgemeinschaft Schlesierstra\u00dfe, K\u00f6nigsberger Stra\u00dfe, Am Engerweg und Gr\u00fcner Weg besteht aus Nachbarn, die aufeinander achten. Die sich&hellip;\n","protected":false},"author":2,"featured_media":642573,"comment_status":"","ping_status":"","sticky":false,"template":"","format":"standard","meta":{"footnotes":""},"categories":[1849],"tags":[61899,3364,29,548,663,3934,553,151305,25727,30,13,4455,14345,151307,151306,14,15,1209,12,151304,30481,24010,151303,524,28129,63050,89863],"class_list":{"0":"post-642572","1":"post","2":"type-post","3":"status-publish","4":"format-standard","5":"has-post-thumbnail","7":"category-moenchengladbach","8":"tag-anrath","9":"tag-de","10":"tag-deutschland","11":"tag-eu","12":"tag-europa","13":"tag-europe","14":"tag-familie","15":"tag-gegenseitig","16":"tag-gemeinschaft","17":"tag-germany","18":"tag-headlines","19":"tag-moenchengladbach","20":"tag-nachbarschaft","21":"tag-nachbarschaftserlebnisse","22":"tag-nachbarschaftsschilder","23":"tag-nachrichten","24":"tag-news","25":"tag-nordrhein-westfalen","26":"tag-schlagzeilen","27":"tag-schlesierstrasse","28":"tag-schoenes","29":"tag-siedlung","30":"tag-siedlungsgemeinschaft","31":"tag-strasse","32":"tag-vogt","33":"tag-wobei","34":"tag-zusammenkommen"},"share_on_mastodon":{"url":"https:\/\/pubeurope.com\/@de\/115709600363133408","error":""},"_links":{"self":[{"href":"https:\/\/www.europesays.com\/de\/wp-json\/wp\/v2\/posts\/642572","targetHints":{"allow":["GET"]}}],"collection":[{"href":"https:\/\/www.europesays.com\/de\/wp-json\/wp\/v2\/posts"}],"about":[{"href":"https:\/\/www.europesays.com\/de\/wp-json\/wp\/v2\/types\/post"}],"author":[{"embeddable":true,"href":"https:\/\/www.europesays.com\/de\/wp-json\/wp\/v2\/users\/2"}],"replies":[{"embeddable":true,"href":"https:\/\/www.europesays.com\/de\/wp-json\/wp\/v2\/comments?post=642572"}],"version-history":[{"count":0,"href":"https:\/\/www.europesays.com\/de\/wp-json\/wp\/v2\/posts\/642572\/revisions"}],"wp:featuredmedia":[{"embeddable":true,"href":"https:\/\/www.europesays.com\/de\/wp-json\/wp\/v2\/media\/642573"}],"wp:attachment":[{"href":"https:\/\/www.europesays.com\/de\/wp-json\/wp\/v2\/media?parent=642572"}],"wp:term":[{"taxonomy":"category","embeddable":true,"href":"https:\/\/www.europesays.com\/de\/wp-json\/wp\/v2\/categories?post=642572"},{"taxonomy":"post_tag","embeddable":true,"href":"https:\/\/www.europesays.com\/de\/wp-json\/wp\/v2\/tags?post=642572"}],"curies":[{"name":"wp","href":"https:\/\/api.w.org\/{rel}","templated":true}]}}