{"id":642579,"date":"2025-12-13T01:17:17","date_gmt":"2025-12-13T01:17:17","guid":{"rendered":"https:\/\/www.europesays.com\/de\/642579\/"},"modified":"2025-12-13T01:17:17","modified_gmt":"2025-12-13T01:17:17","slug":"auto-ueberschlaegt-sich-pm-1-blicklokal","status":"publish","type":"post","link":"https:\/\/www.europesays.com\/de\/642579\/","title":{"rendered":"Auto \u00fcberschl\u00e4gt sich PM 1 \u2013 BlickLokal"},"content":{"rendered":"<p><a data-category=\"citylink-story-view\" data-action=\"click\" data-label=\"Citylink in Meldungsansicht\" class=\"story-city event-trigger\" href=\"https:\/\/www.presseportal.de\/regional\/Heddesheim\" title=\"News aus Heddesheim\" rel=\"nofollow noopener\" target=\"_blank\">Heddesheim<\/a> (ots)<\/p>\n<p>Derzeit kommt es zu einem Einsatz von Polizei und Rettungskr\u00e4ften in Heddesheim am Kreisverkehr in der Gro\u00dfsachsener Stra\u00dfe. Nach ersten Erkenntnissen hat sich ein Auto \u00fcberschlagen. Weitere Fahrzeuge waren offenbar nicht beteiligt. \u00dcber die Unfallursache oder verletzte Personen k\u00f6nnen noch keine Angaben gemacht werden.<\/p>\n<p class=\"contact-headline\">R\u00fcckfragen bitte an:<\/p>\n<p class=\"contact-text\">Polizeipr\u00e4sidium Mannheim<br \/>F\u00fchrungs- und Lagezentrum<br \/>Jens Riemenschneider<br \/>Telefon: 0621 174-1111<br \/>E-Mail: <a href=\"https:\/\/www.blicklokal.de\/pol-ma-heddesheim-rhein-neckar-kreis-auto-ueberschlaegt-sich-pm-1-3\/mailto:%20mannheim.pp@polizei.bwl.de\" class=\"uri-mailto\" rel=\"nofollow noopener\" target=\"_blank\"> mannheim.pp@polizei.bwl.de<\/a><br \/><a target=\"_blank\" class=\"uri-ext outbound\" rel=\"noopener nofollow\" href=\"http:\/\/www.polizei-bw.de\/\">http:\/\/www.polizei-bw.de\/<\/a><\/p>\n<p class=\"originator\">Original-Content von: Polizeipr\u00e4sidium Mannheim, \u00fcbermittelt durch news aktuell<\/p>\n","protected":false},"excerpt":{"rendered":"Heddesheim (ots) Derzeit kommt es zu einem Einsatz von Polizei und Rettungskr\u00e4ften in Heddesheim am Kreisverkehr in der&hellip;\n","protected":false},"author":2,"featured_media":149976,"comment_status":"","ping_status":"","sticky":false,"template":"","format":"standard","meta":{"footnotes":""},"categories":[1845],"tags":[40332,40331,12277,1634,40330,40337,3364,29,548,663,3934,4447,30,13,40333,2096,14,15,40335,40329,40334,23879,12,3866,40336,40328],"class_list":{"0":"post-642579","1":"post","2":"type-post","3":"status-publish","4":"format-standard","5":"has-post-thumbnail","7":"category-mannheim","8":"tag-anzeigenblatt-main-tauber","9":"tag-anzeigenblatt-neckar-odenwald","10":"tag-anzeigenwerbung","11":"tag-baden-wuerttemberg","12":"tag-beilagenwerbung-wertheim","13":"tag-blicklokal","14":"tag-de","15":"tag-deutschland","16":"tag-eu","17":"tag-europa","18":"tag-europe","19":"tag-events","20":"tag-germany","21":"tag-headlines","22":"tag-kleinanzeigen-main-tauber","23":"tag-mannheim","24":"tag-nachrichten","25":"tag-news","26":"tag-printwerbung-main-tauber","27":"tag-prospektbeilage-tauberbischofsheim","28":"tag-prospektverteilung-tauberbischofsheim","29":"tag-rothenburg-ob-der-tauber","30":"tag-schlagzeilen","31":"tag-veranstaltungen","32":"tag-wertheim","33":"tag-wochenzeitung-main-tauber"},"share_on_mastodon":{"url":"https:\/\/pubeurope.com\/@de\/115709623983452989","error":""},"_links":{"self":[{"href":"https:\/\/www.europesays.com\/de\/wp-json\/wp\/v2\/posts\/642579","targetHints":{"allow":["GET"]}}],"collection":[{"href":"https:\/\/www.europesays.com\/de\/wp-json\/wp\/v2\/posts"}],"about":[{"href":"https:\/\/www.europesays.com\/de\/wp-json\/wp\/v2\/types\/post"}],"author":[{"embeddable":true,"href":"https:\/\/www.europesays.com\/de\/wp-json\/wp\/v2\/users\/2"}],"replies":[{"embeddable":true,"href":"https:\/\/www.europesays.com\/de\/wp-json\/wp\/v2\/comments?post=642579"}],"version-history":[{"count":0,"href":"https:\/\/www.europesays.com\/de\/wp-json\/wp\/v2\/posts\/642579\/revisions"}],"wp:featuredmedia":[{"embeddable":true,"href":"https:\/\/www.europesays.com\/de\/wp-json\/wp\/v2\/media\/149976"}],"wp:attachment":[{"href":"https:\/\/www.europesays.com\/de\/wp-json\/wp\/v2\/media?parent=642579"}],"wp:term":[{"taxonomy":"category","embeddable":true,"href":"https:\/\/www.europesays.com\/de\/wp-json\/wp\/v2\/categories?post=642579"},{"taxonomy":"post_tag","embeddable":true,"href":"https:\/\/www.europesays.com\/de\/wp-json\/wp\/v2\/tags?post=642579"}],"curies":[{"name":"wp","href":"https:\/\/api.w.org\/{rel}","templated":true}]}}