{"id":642585,"date":"2025-12-13T01:21:16","date_gmt":"2025-12-13T01:21:16","guid":{"rendered":"https:\/\/www.europesays.com\/de\/642585\/"},"modified":"2025-12-13T01:21:16","modified_gmt":"2025-12-13T01:21:16","slug":"usa-heben-sanktionen-gegen-brasilianischen-bundesrichter-auf-2","status":"publish","type":"post","link":"https:\/\/www.europesays.com\/de\/642585\/","title":{"rendered":"USA heben Sanktionen gegen brasilianischen Bundesrichter auf"},"content":{"rendered":"<p>Washington (dpa) &#8211; Die US-Regierung hat ihre Sanktionen gegen den brasilianischen Bundesrichter Alexandre de Moraes und dessen Ehefrau Viviane Barci de Moraes aufgehoben. Auch ihre Anwaltskanzlei, in der die Immobilien der Familie verwaltet werden, sei von der Sanktionsliste genommen worden, hie\u00df es in einer entsprechenden Mitteilung. Warum die Ma\u00dfnahmen gestrichen wurden, war zun\u00e4chst unklar. Bislang waren Verm\u00f6genswerte der Personen in den Vereinigten Staaten wegen der Sanktionen eingefroren.<\/p>\n<p>De Moraes hatte ein Strafverfahren gegen den fr\u00fcheren brasilianischen Pr\u00e4sidenten Jair Bolsonaro geleitet. Bolsonaro war daraufhin zu einer langen Haftstrafe verurteilt worden.\u00a0<\/p>\n<p>US-Pr\u00e4sident Donald Trump &#8211; einem wichtigen Verb\u00fcndeten Bolsonaros &#8211; war das sauer aufgesto\u00dfen: In den vergangenen Monaten verh\u00e4ngte er als Reaktion darauf Z\u00f6lle von 50 Prozent auf zahlreiche Produkte aus dem s\u00fcdamerikanischem Land und belegte de Moraes und Menschen in dessen Umfeld mit Sanktionen.\u00a0<\/p>\n<p>\u00abAlexandre de Moraes ist verantwortlich f\u00fcr eine repressive Kampagne der Zensur, willk\u00fcrlicher Verhaftungen und politisierter Strafverfolgungen \u2013 unter anderem gegen den ehemaligen Pr\u00e4sidenten Jair Bolsonaro\u00bb, sagte US-Finanzminister Scott Bessent damals. Bolsonaros Sohn, der Abgeordnete Eduardo Bolsonaro, bedauerte die Entscheidung, die Sanktionen nun wieder aufzuheben, wie das Nachrichtenportal G1 berichtete.<\/p>\n","protected":false},"excerpt":{"rendered":"Washington (dpa) &#8211; Die US-Regierung hat ihre Sanktionen gegen den brasilianischen Bundesrichter Alexandre de Moraes und dessen Ehefrau&hellip;\n","protected":false},"author":2,"featured_media":642586,"comment_status":"","ping_status":"","sticky":false,"template":"","format":"standard","meta":{"footnotes":""},"categories":[1843],"tags":[5697,3364,29,508,30,1015,8970,1209,139,64],"class_list":{"0":"post-642585","1":"post","2":"type-post","3":"status-publish","4":"format-standard","5":"has-post-thumbnail","7":"category-muenster","8":"tag-brasilien","9":"tag-de","10":"tag-deutschland","11":"tag-diplomatie","12":"tag-germany","13":"tag-justiz","14":"tag-muenster","15":"tag-nordrhein-westfalen","16":"tag-regierung","17":"tag-usa"},"share_on_mastodon":{"url":"https:\/\/pubeurope.com\/@de\/115709639869989504","error":""},"_links":{"self":[{"href":"https:\/\/www.europesays.com\/de\/wp-json\/wp\/v2\/posts\/642585","targetHints":{"allow":["GET"]}}],"collection":[{"href":"https:\/\/www.europesays.com\/de\/wp-json\/wp\/v2\/posts"}],"about":[{"href":"https:\/\/www.europesays.com\/de\/wp-json\/wp\/v2\/types\/post"}],"author":[{"embeddable":true,"href":"https:\/\/www.europesays.com\/de\/wp-json\/wp\/v2\/users\/2"}],"replies":[{"embeddable":true,"href":"https:\/\/www.europesays.com\/de\/wp-json\/wp\/v2\/comments?post=642585"}],"version-history":[{"count":0,"href":"https:\/\/www.europesays.com\/de\/wp-json\/wp\/v2\/posts\/642585\/revisions"}],"wp:featuredmedia":[{"embeddable":true,"href":"https:\/\/www.europesays.com\/de\/wp-json\/wp\/v2\/media\/642586"}],"wp:attachment":[{"href":"https:\/\/www.europesays.com\/de\/wp-json\/wp\/v2\/media?parent=642585"}],"wp:term":[{"taxonomy":"category","embeddable":true,"href":"https:\/\/www.europesays.com\/de\/wp-json\/wp\/v2\/categories?post=642585"},{"taxonomy":"post_tag","embeddable":true,"href":"https:\/\/www.europesays.com\/de\/wp-json\/wp\/v2\/tags?post=642585"}],"curies":[{"name":"wp","href":"https:\/\/api.w.org\/{rel}","templated":true}]}}