{"id":642591,"date":"2025-12-13T01:24:13","date_gmt":"2025-12-13T01:24:13","guid":{"rendered":"https:\/\/www.europesays.com\/de\/642591\/"},"modified":"2025-12-13T01:24:13","modified_gmt":"2025-12-13T01:24:13","slug":"ob-trueffelpasta-oder-haekeltiere-das-bietet-der-elberfelder-weihnachtsmarkt","status":"publish","type":"post","link":"https:\/\/www.europesays.com\/de\/642591\/","title":{"rendered":"Ob Tr\u00fcffelpasta oder H\u00e4keltiere \u2013 das bietet der Elberfelder Weihnachtsmarkt"},"content":{"rendered":"<p class=\"richtext text-em-55 !leading-serif mx-6 desktop:mx-0\">Beim Schlendern durch die Stra\u00dfen hat die WZ ein paar davon besucht.<\/p>\n<p class=\"richtext text-em-55 !leading-serif mx-6 desktop:mx-0\">Besonders ins Auge f\u00e4llt \u2013 nicht nur uns, sondern auch vielen Passanten \u2013 die Talh\u00fctte, direkt gegen\u00fcber dem Drogeriemarkt an der Herzogstra\u00dfe. \u00dcber die gesamte Laufzeit des Weihnachtsmarktes gibt es hier Raum f\u00fcr kleine, kreative (Solo-)Unternehmen aus Wuppertal. Normalerweise wird t\u00e4glich gewechselt, an diesem Wochenende aber teilen sich drei Frauen die Bude: Sarah Paul von \u201eK\u00f6niglich geliebt\u201c macht Kinderkleidung, \u201eWuppersch\u00f6n\u201c von Antje Nicklich bietet Produkte aus Stoff und Papier mit Wuppertal-Bezug und \u201eHerzwerke\u201c, vertreten durch Jennifer Schlieper, hat kleine Accessoires und Geschenkideen.<\/p>\n<p>Talh\u00fctte f\u00fcr wechselnde <br \/>Klein-Unternehmen und Vereine      <\/p>\n<p class=\"text_ohne_einzug richtext text-em-55 !leading-serif mx-6 desktop:mx-0\">Petra Hamacher von Tal-Studio organisiert die \u201eTalh\u00fctte\u201c, die es sowohl in Elberfeld als auch in Barmen gibt. Die drei aktuellen Standbetreiberinnen berichten, dass sie schon im Fr\u00fchjahr angefragt worden waren. \u201eDas ist eine super Gelegenheit f\u00fcr uns. Standmiete m\u00fcssen wir keine zahlen. \u00dcber den ganzen Zeitraum einen eigenen Stand zu betreiben, k\u00f6nnten wir uns weder finanziell noch personell leisten\u201c, sagt Jennifer Schlieper.<\/p>\n<p class=\"richtext text-em-55 !leading-serif mx-6 desktop:mx-0\">\u201eViele Leute bleiben stehen oder bekommen gro\u00dfe Augen, wenn sie unsere Sachen sehen. Sicher auch, weil es sonst wenig bis kein Kunsthandwerk auf dem Markt gibt\u201c, meint Sarah Paul. Schlieper erinnert sich an die Aussage einer Kundin bez\u00fcglich der wechselnden Besetzung: \u201eDas ist mein pers\u00f6nlicher Adventskalender, hier jeden Tag vorbeizugehen und \u00fcberrascht zu werden.\u201c<\/p>\n<p class=\"richtext text-em-55 !leading-serif mx-6 desktop:mx-0\">Zum ersten Mal hat die Familie Monticciolo in diesem Jahr einen Stand auf dem Laurentiusplatz. Die Inhaber des Restaurants \u201eL\u2019arte da Nico\u201c (Opphofer Stra\u00dfe 186) bieten zwei italienische Gerichte an: Zum einen eine Tr\u00fcffelpasta aus dem Parmesanlaib und zum anderen Nudeln mit traditionellen italienischen Rinderhackb\u00e4llchen in Tomatenso\u00dfe. Die Tr\u00fcffelpasta kostet 13 Euro, f\u00fcr eine extra Portion frischen Tr\u00fcffel on Top bezahlt man zwei Euro mehr. Die andere Nudelvariation gibt\u2019s f\u00fcr 10 Euro. \u201eBei uns im Restaurant sind die Tr\u00fcffelnudeln sehr beliebt. F\u00fcr die Zubereitung direkt im Parmesanlaib sind wir au\u00dferdem in Wuppertal bekannt\u201c, erz\u00e4hlt Valentina Monticciolo, die den Stand auf dem Weihnachtsmarkt sowie das Restaurant am Weinberg gemeinsam mit Mutter Hanka, Bruder Samu und Vater beziehungsweise Chefkoch Nico f\u00fchrt. \u201eDie Rinderhackb\u00e4llchen machen wir nach dem Rezept meiner Oma. Das ist eine sehr traditionelle Speise aus S\u00fcditalien.\u201c<\/p>\n<p class=\"richtext text-em-55 !leading-serif mx-6 desktop:mx-0\">Ge\u00f6ffnet ist der Stand t\u00e4glich von 11 bis 22 Uhr. Gezahlt werden kann nur mit Bargeld. \u201eDie ersten Gespr\u00e4che zur Miete des Standes haben wir schon im Sommer gef\u00fchrt\u201c, verr\u00e4t Valentina Monticciolo. Mit der bisherigen Resonanz seien sie zufrieden. Sowohl Stammg\u00e4ste aus dem Restaurant als auch neue Gesichter w\u00fcrden den Stand auf dem Weihnachtsmarkt besuchen. \u201eAm Wochenende ist viel los, in der Woche und vor allem am Mittag k\u00f6nnte es gerne noch etwas mehr sein\u201c, res\u00fcmiert sie. \u201eInsgesamt ist es aber gerade schon eine stressige Zeit f\u00fcr meine Familie. Mein Vater muss die Gerichte f\u00fcrs Restaurant und f\u00fcr den Stand vorbereiten. Hinzu kommen Weihnachtsfeiern und nat\u00fcrlich der regul\u00e4re Restaurantbetrieb.\u201c<\/p>\n<p class=\"richtext text-em-55 !leading-serif mx-6 desktop:mx-0\">Olessia Belekhovych bietet H\u00e4keltiere und selbstgemachten Schmuck an. \u201eGerade l\u00e4uft es nicht so gut\u201c, meint sie, hofft aber auf die kommenden Wochen, wenn die Leute Geschenke suchen. An der Pommes- und Wursth\u00fctte zeigt man sich zufrieden: \u201eEs regnet in diesem Jahr nicht so viel. Solange es trocken bleibt, ist das gut f\u00fcr uns.\u201c <\/p>\n","protected":false},"excerpt":{"rendered":"Beim Schlendern durch die Stra\u00dfen hat die WZ ein paar davon besucht. Besonders ins Auge f\u00e4llt \u2013 nicht&hellip;\n","protected":false},"author":2,"featured_media":642592,"comment_status":"","ping_status":"","sticky":false,"template":"","format":"standard","meta":{"footnotes":""},"categories":[1840],"tags":[3364,29,16373,30,151311,107518,26096,9588,3317,1209,1598,144030,9593,151312,151313,524,151309,63632,151310,8497,4418],"class_list":{"0":"post-642591","1":"post","2":"type-post","3":"status-publish","4":"format-standard","5":"has-post-thumbnail","7":"category-wuppertal","8":"tag-de","9":"tag-deutschland","10":"tag-elberfeld","11":"tag-germany","12":"tag-haekeltiere","13":"tag-herzogstrasse","14":"tag-laurentiusplatz","15":"tag-markt","16":"tag-miete","17":"tag-nordrhein-westfalen","18":"tag-restaurant","19":"tag-restaurantbetrieb","20":"tag-stand","21":"tag-standbetreiberinnen","22":"tag-standmiete","23":"tag-strasse","24":"tag-talhuette","25":"tag-trueffel","26":"tag-trueffelpasta","27":"tag-weihnachtsmarkt","28":"tag-wuppertal"},"share_on_mastodon":{"url":"https:\/\/pubeurope.com\/@de\/115709651555338349","error":""},"_links":{"self":[{"href":"https:\/\/www.europesays.com\/de\/wp-json\/wp\/v2\/posts\/642591","targetHints":{"allow":["GET"]}}],"collection":[{"href":"https:\/\/www.europesays.com\/de\/wp-json\/wp\/v2\/posts"}],"about":[{"href":"https:\/\/www.europesays.com\/de\/wp-json\/wp\/v2\/types\/post"}],"author":[{"embeddable":true,"href":"https:\/\/www.europesays.com\/de\/wp-json\/wp\/v2\/users\/2"}],"replies":[{"embeddable":true,"href":"https:\/\/www.europesays.com\/de\/wp-json\/wp\/v2\/comments?post=642591"}],"version-history":[{"count":0,"href":"https:\/\/www.europesays.com\/de\/wp-json\/wp\/v2\/posts\/642591\/revisions"}],"wp:featuredmedia":[{"embeddable":true,"href":"https:\/\/www.europesays.com\/de\/wp-json\/wp\/v2\/media\/642592"}],"wp:attachment":[{"href":"https:\/\/www.europesays.com\/de\/wp-json\/wp\/v2\/media?parent=642591"}],"wp:term":[{"taxonomy":"category","embeddable":true,"href":"https:\/\/www.europesays.com\/de\/wp-json\/wp\/v2\/categories?post=642591"},{"taxonomy":"post_tag","embeddable":true,"href":"https:\/\/www.europesays.com\/de\/wp-json\/wp\/v2\/tags?post=642591"}],"curies":[{"name":"wp","href":"https:\/\/api.w.org\/{rel}","templated":true}]}}