{"id":642593,"date":"2025-12-13T01:25:14","date_gmt":"2025-12-13T01:25:14","guid":{"rendered":"https:\/\/www.europesays.com\/de\/642593\/"},"modified":"2025-12-13T01:25:14","modified_gmt":"2025-12-13T01:25:14","slug":"einkaufen-rund-um-die-uhr-im-local-hub-in-wuppertal-2","status":"publish","type":"post","link":"https:\/\/www.europesays.com\/de\/642593\/","title":{"rendered":"Einkaufen rund um die Uhr im Local Hub in Wuppertal"},"content":{"rendered":"<p class=\"richtext text-em-55 !leading-serif mx-6 desktop:mx-0\">In diesem Fall steht nun der Local Hub in der Luisenstra\u00dfe 94 zur Verf\u00fcgung \u2013 ein vollwertiger Mini-Markt, rund um die Uhr ge\u00f6ffnet, mit frischen Akzenten aus der Region, ganz ohne Personal. Die Waren werden hier in elf hochmodernen Automaten angeboten. Am gestrigen Freitag wurde der \u201eSupermarkt-Erg\u00e4nzungsladen\u201c offiziell er\u00f6ffnet und seit heute um 7 Uhr steht er f\u00fcr Kunden zur Verf\u00fcgung f\u00fcr alles, was gerade so fehlt.<\/p>\n","protected":false},"excerpt":{"rendered":"In diesem Fall steht nun der Local Hub in der Luisenstra\u00dfe 94 zur Verf\u00fcgung \u2013 ein vollwertiger Mini-Markt,&hellip;\n","protected":false},"author":2,"featured_media":642594,"comment_status":"","ping_status":"","sticky":false,"template":"","format":"standard","meta":{"footnotes":""},"categories":[1840],"tags":[5114,12559,3364,29,34815,151316,30,151318,10429,151315,16374,9588,1209,151317,151314,925,5319,4418],"class_list":{"0":"post-642593","1":"post","2":"type-post","3":"status-publish","4":"format-standard","5":"has-post-thumbnail","7":"category-wuppertal","8":"tag-angebot","9":"tag-automat","10":"tag-de","11":"tag-deutschland","12":"tag-fehlt","13":"tag-frischen","14":"tag-germany","15":"tag-getraenkeautomaten","16":"tag-hub","17":"tag-larsen","18":"tag-luisenviertel","19":"tag-markt","20":"tag-nordrhein-westfalen","21":"tag-snackautomaten","22":"tag-steinbrenner","23":"tag-supermarkt","24":"tag-verfuegung","25":"tag-wuppertal"},"share_on_mastodon":{"url":"https:\/\/pubeurope.com\/@de\/115709655495627861","error":""},"_links":{"self":[{"href":"https:\/\/www.europesays.com\/de\/wp-json\/wp\/v2\/posts\/642593","targetHints":{"allow":["GET"]}}],"collection":[{"href":"https:\/\/www.europesays.com\/de\/wp-json\/wp\/v2\/posts"}],"about":[{"href":"https:\/\/www.europesays.com\/de\/wp-json\/wp\/v2\/types\/post"}],"author":[{"embeddable":true,"href":"https:\/\/www.europesays.com\/de\/wp-json\/wp\/v2\/users\/2"}],"replies":[{"embeddable":true,"href":"https:\/\/www.europesays.com\/de\/wp-json\/wp\/v2\/comments?post=642593"}],"version-history":[{"count":0,"href":"https:\/\/www.europesays.com\/de\/wp-json\/wp\/v2\/posts\/642593\/revisions"}],"wp:featuredmedia":[{"embeddable":true,"href":"https:\/\/www.europesays.com\/de\/wp-json\/wp\/v2\/media\/642594"}],"wp:attachment":[{"href":"https:\/\/www.europesays.com\/de\/wp-json\/wp\/v2\/media?parent=642593"}],"wp:term":[{"taxonomy":"category","embeddable":true,"href":"https:\/\/www.europesays.com\/de\/wp-json\/wp\/v2\/categories?post=642593"},{"taxonomy":"post_tag","embeddable":true,"href":"https:\/\/www.europesays.com\/de\/wp-json\/wp\/v2\/tags?post=642593"}],"curies":[{"name":"wp","href":"https:\/\/api.w.org\/{rel}","templated":true}]}}