{"id":642597,"date":"2025-12-13T01:28:43","date_gmt":"2025-12-13T01:28:43","guid":{"rendered":"https:\/\/www.europesays.com\/de\/642597\/"},"modified":"2025-12-13T01:28:43","modified_gmt":"2025-12-13T01:28:43","slug":"bochumer-weihnachtsmarkt-irre-wer-hinter-diesem-stand-steckt","status":"publish","type":"post","link":"https:\/\/www.europesays.com\/de\/642597\/","title":{"rendered":"Bochumer Weihnachtsmarkt: Irre, wer hinter DIESEM Stand steckt"},"content":{"rendered":"\n<p>Die Weihnachtsmarktsaison ist bereits in vollem Gange. Insbesondere das Ruhrgebiet bl\u00fcht in dieser Zeit gro\u00df auf, egal ob Dortmund, Essen oder Bochum \u2013 der Pott lebt in der Weihnachtszeit.<\/p>\n<p>Vor allem der Bochumer Weihnachtsmarkt ist ein Highlight \u2013 nicht zuletzt aufgrund des schwebenden Weihnachtsmannes \u00fcber der Stadt. Doch ein neuer Stand sorgt jetzt f\u00fcr Aufmerksamkeit. Denn die Betreiberin wird alle \u00fcberraschen.<\/p>\n<p> <strong>Kulinarisches Highlight auf dem Bochumer Weihnachtsmarkt<\/strong> <\/p>\n<p id=\"h-kulinarisches-highlight-auf-dem-bochumer-weihnachtsmarkt\">Der Bochumer Weihnachtsmarkt bietet prim\u00e4r im kulinarischen Bereich viele Highlights. Auch in diesem Jahr haben sich viele Standbesitzer etwas Neues einfallen lassen. Ein neuer Trend ist daher jetzt auch in Bochum angekommen: Kaiserschmarrn \u2013 und zwar in ganz vielen verschiedenen Variationen. \u201eHelin\u2018s Kaiserschmarrn\u201c hei\u00dft der neue Stand in Bochum auf der Bongardstra\u00dfe 33.<\/p>\n<p>+++ <a href=\"https:\/\/www.derwesten.de\/staedte\/bochum\/bochum-weihnachtsmarkt-stand-hype-kaiserschmarrn-entfacht-id301924152.html\" target=\"_blank\" rel=\"noopener\">Hype um neuen Stand auf Bochumer Weihnachtsmarkt entfacht: \u201eEine 10 \/10!\u201c <\/a>+++<\/p>\n<p id=\"h-kulinarisches-highlight-auf-dem-bochumer-weihnachtsmarkt\">Die Auswahl ist riesig: Zum einen gibt es den \u201eSweet Classic\u201c Kaiserschmarrn mit Puderzucker und den auch \u201eSweet Apple\u201c mit Apfelmus. Au\u00dferdem werden \u201eSweet Vanille\u201c, \u201eSweet Cherry\u201c, \u201eSweet Lotus\u201c sowie \u201eSweet Haselnut\u201c angeboten. Das absolute Highlight ist jedoch der \u201eSweet Bunissimo\u201c. Dieser wird mit Nutella, Bueno, Erdbeeren und Puderzucker serviert. Die Preise liegen dabei zwischen 6,50 Euro und 9,50 Euro.<\/p>\n<p> <img loading=\"lazy\" decoding=\"async\" height=\"683\" width=\"1024\" src=\"https:\/\/www.europesays.com\/de\/wp-content\/uploads\/2025\/12\/kaiserschmarrn.png\" alt=\"\" class=\"wp-image-301930815\"  \/>Foto: Lorenzo Gammuto \/ Der Westen<\/p>\n<p id=\"h-\"><strong>Besondere Besitzerin<\/strong><\/p>\n<p id=\"h-\">Das wahre Highlight ist jedoch, wer dir den Kaiserschmarrn \u00fcberhaupt serviert. Der Stand geh\u00f6rt Nisrine Maria Zerioul, Fu\u00dfballspielerin der VfL Bochum Damen. Die 22-J\u00e4hrige serviert den Kaiserschmarrn im Stand h\u00f6chstpers\u00f6nlich. Den Stand f\u00fchrt die Fu\u00dfballerin zusammen mit ihrem Vater, der ebenfalls hinter dem Tresen steht.<\/p>\n<p>Hier mehr News f\u00fcr dich:<\/p>\n<p id=\"h-\">Gegen\u00fcber DER WESTEN verr\u00e4t der Vater der Fu\u00dfballerin, dass die Bochumer den neuen Kaiserschmarrn-Stand gut annehmen. Und das scheint logisch: Ein winterlicher Weihnachtsmarkt und Kaiserschmarrn \u2013 das klingt nach einem perfekten Match.<\/p>\n","protected":false},"excerpt":{"rendered":"Die Weihnachtsmarktsaison ist bereits in vollem Gange. Insbesondere das Ruhrgebiet bl\u00fcht in dieser Zeit gro\u00df auf, egal ob&hellip;\n","protected":false},"author":2,"featured_media":642598,"comment_status":"","ping_status":"","sticky":false,"template":"","format":"standard","meta":{"footnotes":""},"categories":[1839],"tags":[7507,3364,29,30,1209,107303],"class_list":{"0":"post-642597","1":"post","2":"type-post","3":"status-publish","4":"format-standard","5":"has-post-thumbnail","7":"category-bochum","8":"tag-bochum","9":"tag-de","10":"tag-deutschland","11":"tag-germany","12":"tag-nordrhein-westfalen","13":"tag-weihnachtsmaerkte-in-nrw"},"share_on_mastodon":{"url":"https:\/\/pubeurope.com\/@de\/115709668985460966","error":""},"_links":{"self":[{"href":"https:\/\/www.europesays.com\/de\/wp-json\/wp\/v2\/posts\/642597","targetHints":{"allow":["GET"]}}],"collection":[{"href":"https:\/\/www.europesays.com\/de\/wp-json\/wp\/v2\/posts"}],"about":[{"href":"https:\/\/www.europesays.com\/de\/wp-json\/wp\/v2\/types\/post"}],"author":[{"embeddable":true,"href":"https:\/\/www.europesays.com\/de\/wp-json\/wp\/v2\/users\/2"}],"replies":[{"embeddable":true,"href":"https:\/\/www.europesays.com\/de\/wp-json\/wp\/v2\/comments?post=642597"}],"version-history":[{"count":0,"href":"https:\/\/www.europesays.com\/de\/wp-json\/wp\/v2\/posts\/642597\/revisions"}],"wp:featuredmedia":[{"embeddable":true,"href":"https:\/\/www.europesays.com\/de\/wp-json\/wp\/v2\/media\/642598"}],"wp:attachment":[{"href":"https:\/\/www.europesays.com\/de\/wp-json\/wp\/v2\/media?parent=642597"}],"wp:term":[{"taxonomy":"category","embeddable":true,"href":"https:\/\/www.europesays.com\/de\/wp-json\/wp\/v2\/categories?post=642597"},{"taxonomy":"post_tag","embeddable":true,"href":"https:\/\/www.europesays.com\/de\/wp-json\/wp\/v2\/tags?post=642597"}],"curies":[{"name":"wp","href":"https:\/\/api.w.org\/{rel}","templated":true}]}}