{"id":643421,"date":"2025-12-13T11:24:35","date_gmt":"2025-12-13T11:24:35","guid":{"rendered":"https:\/\/www.europesays.com\/de\/643421\/"},"modified":"2025-12-13T11:24:35","modified_gmt":"2025-12-13T11:24:35","slug":"zauberhafte-weihnachten-auf-schloss-merode-erleben","status":"publish","type":"post","link":"https:\/\/www.europesays.com\/de\/643421\/","title":{"rendered":"Zauberhafte Weihnachten auf Schloss Merode erleben"},"content":{"rendered":"<p>Ausflugstipp ab Aachen <\/p>\n<p>Dieser Weihnachtsmarkt geh\u00f6rt zu den besten Europas<\/p>\n<p>Aktualisiert am 13.12.2025 &#8211; 08:38 UhrLesedauer: 2 Min.<\/p>\n<p><a href=\"#focus-0\" class=\"transition-colors duration-200 block text-current relative\" data-sctrack=\"FocusGalleryImage.Reference\"><img fetchpriority=\"high\" data-testid=\"Opener.Image\" style=\"--lqipURL:url('https:\/\/images.t-online.de\/2025\/12\/bw6ZEQ8VF7R-\/0x349:2048x1152\/fit-in\/150x0\/filters:blur(25)\/image.jpg')\"   loading=\"eager\" src=\"https:\/\/www.europesays.com\/de\/wp-content\/uploads\/2025\/12\/1765625075_493_image.jpg\" alt=\"Schloss Merode in der Dezembernacht: Wenn es dunkel wird, strahlen die Lichter des Schlosses m\u00e4rchenhaft.\" title=\"Schloss Merode in der Dezembernacht: Wenn es dunkel wird, strahlen die Lichter des Schlosses m\u00e4rchenhaft.\" width=\"2048\" height=\"1152\" class=\"bg-[url:var(--lqipURL)] bg-cover bg-center flex h-full w-full max-w-full\" decoding=\"async\"\/><img style=\"--width:32;--height:32\" loading=\"lazy\" src=\"https:\/\/aachen.t-online.de\/s\/paper\/_next\/static\/media\/zoom-in.f7dae02f.svg\" alt=\"Vergr\u00f6\u00dfern des Bildes\" title=\"Vergr\u00f6\u00dfern des Bildes\" class=\"block h-[calc(var(--height)_\/_16_*_1rem)] w-[calc(var(--width)_\/_16_*_1rem)] max-w-none absolute bottom-8 right-8 rounded-4 bg-snow p-8\" decoding=\"async\"\/><\/a><\/p>\n<p>Schloss Merode in der Dezembernacht: Wenn es dunkel wird, strahlen die Lichter des Schlosses m\u00e4rchenhaft. (Quelle: Eugen Chertes)<\/p>\n<p class=\"font-bold text-18 leading-17\">Etwa eine halbe Stunde von Aachen entfernt liegt eines der sch\u00f6nsten Wasserschl\u00f6sser in NRW. In der Vorweihnachtszeit k\u00f6nnen sich die Besucher dort sogar Gl\u00fccksstaub abholen.<\/p>\n<p class=\"text-18 leading-17\">Am 26. November \u00f6ffnete der mittelalterliche Weihnachtsmarkt auf dem 850 Jahre alten Renaissance-Wasserschloss Merode in Langerwehe im Kreis D\u00fcren \u2013 nur rund 30 Autominuten von Aachen entfernt. 2024 wurde er von den Lesern des Magazins &#8222;Travelbook&#8220; zum &#8222;gem\u00fctlichsten Weihnachtsmarkt Deutschlands&#8220; gek\u00fcrt. Erst im September dieses Jahres erhielt er zudem die renommierte Auszeichnung der European Excellent Christmas Market Association (EECMA) und z\u00e4hlt nun offiziell zu den zw\u00f6lf herausragendsten Weihnachtsm\u00e4rkten Europas.<\/p>\n<p class=\"text-18 leading-17\">Seit Ende November wird die Fassade des Schlosses festlich beleuchtet und der Schlosspark mit Tausenden von Lichtern, Laternen und Fackeln geschm\u00fcckt. Das Spektakel ist schon von Weitem zu sehen. Aber es sind nicht nur die vielen Lichter um das Renaissance-Wasserschloss allein, die einen Besuch auf Schloss Merode in der Adventszeit zu einem m\u00e4rchenhaften Weihnachtsausflug machen. Besonders festliche Stimmung bringt etwa der t\u00e4gliche Auftritt des &#8222;Meroder Christkindes&#8220;, das den Besuchern Gru\u00dfbotschaften \u00fcberbringt und sie mit goldenem &#8222;Gl\u00fccksstaub&#8220; best\u00e4ubt.<\/p>\n<p class=\"text-18 leading-17\">Auch Lichtk\u00f6nigin Lucia, eine Figur in wei\u00dfem Kleid und mit Lichtkranz auf dem Kopf, f\u00fchrt regelm\u00e4\u00dfig eine Prozession \u00fcber das Schlossgel\u00e4nde an. Die Prozession, an der auch die Besucher mit Windlichtern in der Hand teilnehmen d\u00fcrfen, wird als stimmungsvolles Schauspiel inszeniert. Die Heilige Lucia soll nach alter skandinavischer Tradition Licht in die kurzen Wintertage bringen und bei der Prozession W\u00e4rme in die Herzen der Besucher.<\/p>\n<p class=\"text-18 leading-17\">Der Weihnachtsmarkt auf dem Schloss legt zudem gro\u00dfen Wert auf Nachhaltigkeit. Plastikwaren sucht man hier vergeblich, denn auf dem gesamten Weihnachtsmarkt herrscht Kunststoffverbot. Speisen werden auf Mehrweggeschirr serviert, und an den Kunsthandwerkst\u00e4nden werden nur handgefertigte Produkte angeboten.<\/p>\n<p class=\"text-18 leading-17\">Zu den Kunsthandwerkst\u00e4nden auf Schloss Merode geh\u00f6ren etwa die von Glasbl\u00e4sern, an denen Besucher zum Teil eigene Weihnachtskugeln herstellen d\u00fcrfen. Auch handgefertigter regionaler Schmuck wird angeboten, ebenso wie Keramiken, von lokalen T\u00f6pfern produziert.<\/p>\n<p class=\"text-18 leading-17\">Ge\u00f6ffnet ist das eintrittspreispflichtige (ab 4 Euro) Vorweihnachtsspektakel von Mittwoch, 26. November, bis zum 21. Dezember, wobei der Markt am 1. und 2. Dezember geschlossen bleibt. F\u00fcr Freitag, 28. November, und Freitag, 19. Dezember, ist je ein Musikfeuerwerk geplant.<\/p>\n","protected":false},"excerpt":{"rendered":"Ausflugstipp ab Aachen Dieser Weihnachtsmarkt geh\u00f6rt zu den besten Europas Aktualisiert am 13.12.2025 &#8211; 08:38 UhrLesedauer: 2 Min.&hellip;\n","protected":false},"author":2,"featured_media":643422,"comment_status":"","ping_status":"","sticky":false,"template":"","format":"standard","meta":{"footnotes":""},"categories":[1853],"tags":[2201,1424,2851,52362,3364,29,151422,9056,548,663,3934,53371,30,151421,13,9058,54076,143461,14,15,1209,176,12,100448,71655,8497],"class_list":{"0":"post-643421","1":"post","2":"type-post","3":"status-publish","4":"format-standard","5":"has-post-thumbnail","7":"category-aachen","8":"tag-2201","9":"tag-aachen","10":"tag-ausflugstipp","11":"tag-ausflugstipp-aachen","12":"tag-de","13":"tag-deutschland","14":"tag-dezembernacht","15":"tag-dueren","16":"tag-eu","17":"tag-europa","18":"tag-europe","19":"tag-familienausflug","20":"tag-germany","21":"tag-gluecksstaub","22":"tag-headlines","23":"tag-langerwehe","24":"tag-maastricht","25":"tag-merode","26":"tag-nachrichten","27":"tag-news","28":"tag-nordrhein-westfalen","29":"tag-nrw","30":"tag-schlagzeilen","31":"tag-vorweihnachtszeit","32":"tag-wasserschloss","33":"tag-weihnachtsmarkt"},"share_on_mastodon":{"url":"https:\/\/pubeurope.com\/@de\/115712011834221820","error":""},"_links":{"self":[{"href":"https:\/\/www.europesays.com\/de\/wp-json\/wp\/v2\/posts\/643421","targetHints":{"allow":["GET"]}}],"collection":[{"href":"https:\/\/www.europesays.com\/de\/wp-json\/wp\/v2\/posts"}],"about":[{"href":"https:\/\/www.europesays.com\/de\/wp-json\/wp\/v2\/types\/post"}],"author":[{"embeddable":true,"href":"https:\/\/www.europesays.com\/de\/wp-json\/wp\/v2\/users\/2"}],"replies":[{"embeddable":true,"href":"https:\/\/www.europesays.com\/de\/wp-json\/wp\/v2\/comments?post=643421"}],"version-history":[{"count":0,"href":"https:\/\/www.europesays.com\/de\/wp-json\/wp\/v2\/posts\/643421\/revisions"}],"wp:featuredmedia":[{"embeddable":true,"href":"https:\/\/www.europesays.com\/de\/wp-json\/wp\/v2\/media\/643422"}],"wp:attachment":[{"href":"https:\/\/www.europesays.com\/de\/wp-json\/wp\/v2\/media?parent=643421"}],"wp:term":[{"taxonomy":"category","embeddable":true,"href":"https:\/\/www.europesays.com\/de\/wp-json\/wp\/v2\/categories?post=643421"},{"taxonomy":"post_tag","embeddable":true,"href":"https:\/\/www.europesays.com\/de\/wp-json\/wp\/v2\/tags?post=643421"}],"curies":[{"name":"wp","href":"https:\/\/api.w.org\/{rel}","templated":true}]}}