{"id":643809,"date":"2025-12-13T15:47:13","date_gmt":"2025-12-13T15:47:13","guid":{"rendered":"https:\/\/www.europesays.com\/de\/643809\/"},"modified":"2025-12-13T15:47:13","modified_gmt":"2025-12-13T15:47:13","slug":"frau-aus-aachen-stellt-sich-freiwillig-der-bundespolizei","status":"publish","type":"post","link":"https:\/\/www.europesays.com\/de\/643809\/","title":{"rendered":"Frau aus Aachen stellt sich freiwillig der Bundespolizei"},"content":{"rendered":"<p>Haftstrafe steht aus <\/p>\n<p>Gesuchte Frau klingelt selbst bei der Polizei<\/p>\n<p>Aktualisiert am 13.12.2025 &#8211; 16:16 UhrLesedauer: 1 Min.<\/p>\n<p><a href=\"#focus-0\" class=\"transition-colors duration-200 block text-current relative\" data-sctrack=\"FocusGalleryImage.Reference\"><img fetchpriority=\"high\" data-testid=\"Opener.Image\" style=\"--lqipURL:url('https:\/\/images.t-online.de\/2024\/09\/auqYGReA-pe2\/0x417:4000x2250\/fit-in\/150x0\/filters:blur(25)\/frau-in-handschellen-symbolbild.jpg')\"   loading=\"eager\" src=\"https:\/\/www.europesays.com\/de\/wp-content\/uploads\/2025\/12\/frau-in-handschellen-symbolbild.jpg\" alt=\"Frau in Handschellen (Symbolbild):\" title=\"Frau in Handschellen (Symbolbild):\" width=\"4000\" height=\"2250\" class=\"bg-[url:var(--lqipURL)] bg-cover bg-center flex h-full w-full max-w-full\" decoding=\"async\"\/><img style=\"--width:32;--height:32\" loading=\"lazy\" src=\"https:\/\/aachen.t-online.de\/s\/paper\/_next\/static\/media\/zoom-in.f7dae02f.svg\" alt=\"Vergr\u00f6\u00dfern des Bildes\" title=\"Vergr\u00f6\u00dfern des Bildes\" class=\"block h-[calc(var(--height)_\/_16_*_1rem)] w-[calc(var(--width)_\/_16_*_1rem)] max-w-none absolute bottom-8 right-8 rounded-4 bg-snow p-8\" decoding=\"async\"\/><\/a><\/p>\n<p>Eine Frau in Handschellen (Symbolbild): Sie muss nun f\u00fcr knapp ein Jahr in Haft. (Quelle: imago stock&amp;people)<\/p>\n<p class=\"font-bold text-18 leading-17\">Eine Frau meldet sich selbst bei der Bundespolizei in K\u00f6ln. Gegen sie liegt ein Haftbefehl wegen eines Drogendelikts vor.<\/p>\n<p class=\"text-18 leading-17\">Eine 34-j\u00e4hrige Frau aus Aachen hat sich am Freitag (12. Dezember) freiwillig der Bundespolizei am K\u00f6lner Hauptbahnhof gestellt. Wie die Beamten mitteilten, klingelte die Frau an der Wache der Bundespolizeiinspektion und gab an, dass gegen sie ein Haftbefehl vorliege.<\/p>\n<p class=\"text-18 leading-17\">Die Einsatzkr\u00e4fte \u00fcberpr\u00fcften die Angaben. Dabei stellte sich heraus, dass tats\u00e4chlich ein offener Haftbefehl der Staatsanwaltschaft N\u00fcrnberg-F\u00fcrth gegen die 34-J\u00e4hrige vorlag. Sie soll gegen das Bet\u00e4ubungsmittelgesetz versto\u00dfen haben und muss noch eine Restfreiheitsstrafe von 359 Tagen verb\u00fc\u00dfen. Diese sei Teil einer Gesamtfreiheitsstrafe von drei Jahren.<\/p>\n<p class=\"text-18 leading-17\">Zus\u00e4tzlich lag eine Aufenthaltsermittlung der Staatsanwaltschaft Aachen vor. Die Bundespolizisten nahmen die Frau fest und brachten sie in eine Justizvollzugsanstalt.<\/p>\n","protected":false},"excerpt":{"rendered":"Haftstrafe steht aus Gesuchte Frau klingelt selbst bei der Polizei Aktualisiert am 13.12.2025 &#8211; 16:16 UhrLesedauer: 1 Min.&hellip;\n","protected":false},"author":2,"featured_media":643810,"comment_status":"","ping_status":"","sticky":false,"template":"","format":"standard","meta":{"footnotes":""},"categories":[1828],"tags":[722,17161,1424,421,29,24885,30,503,5537,18369,1420,18266,1209,121,1997],"class_list":{"0":"post-643809","1":"post","2":"type-post","3":"status-publish","4":"format-standard","5":"has-post-thumbnail","7":"category-koeln","8":"tag-722","9":"tag-17161","10":"tag-aachen","11":"tag-bundespolizei","12":"tag-deutschland","13":"tag-drogendelikt","14":"tag-germany","15":"tag-haftbefehl","16":"tag-haftstrafe","17":"tag-handschelle","18":"tag-koeln","19":"tag-koeln-hauptbahnhof","20":"tag-nordrhein-westfalen","21":"tag-polizei","22":"tag-staatsanwaltschaft"},"share_on_mastodon":{"url":"https:\/\/pubeurope.com\/@de\/115713045663228232","error":""},"_links":{"self":[{"href":"https:\/\/www.europesays.com\/de\/wp-json\/wp\/v2\/posts\/643809","targetHints":{"allow":["GET"]}}],"collection":[{"href":"https:\/\/www.europesays.com\/de\/wp-json\/wp\/v2\/posts"}],"about":[{"href":"https:\/\/www.europesays.com\/de\/wp-json\/wp\/v2\/types\/post"}],"author":[{"embeddable":true,"href":"https:\/\/www.europesays.com\/de\/wp-json\/wp\/v2\/users\/2"}],"replies":[{"embeddable":true,"href":"https:\/\/www.europesays.com\/de\/wp-json\/wp\/v2\/comments?post=643809"}],"version-history":[{"count":0,"href":"https:\/\/www.europesays.com\/de\/wp-json\/wp\/v2\/posts\/643809\/revisions"}],"wp:featuredmedia":[{"embeddable":true,"href":"https:\/\/www.europesays.com\/de\/wp-json\/wp\/v2\/media\/643810"}],"wp:attachment":[{"href":"https:\/\/www.europesays.com\/de\/wp-json\/wp\/v2\/media?parent=643809"}],"wp:term":[{"taxonomy":"category","embeddable":true,"href":"https:\/\/www.europesays.com\/de\/wp-json\/wp\/v2\/categories?post=643809"},{"taxonomy":"post_tag","embeddable":true,"href":"https:\/\/www.europesays.com\/de\/wp-json\/wp\/v2\/tags?post=643809"}],"curies":[{"name":"wp","href":"https:\/\/api.w.org\/{rel}","templated":true}]}}