{"id":645242,"date":"2025-12-14T09:20:36","date_gmt":"2025-12-14T09:20:36","guid":{"rendered":"https:\/\/www.europesays.com\/de\/645242\/"},"modified":"2025-12-14T09:20:36","modified_gmt":"2025-12-14T09:20:36","slug":"sternschnuppen-im-advent-wo-man-geminiden-beobachten-kann","status":"publish","type":"post","link":"https:\/\/www.europesays.com\/de\/645242\/","title":{"rendered":"Sternschnuppen im Advent \u2013 wo man Geminiden beobachten kann"},"content":{"rendered":"<p>Kleiner Adventsvorgeschmack auf den in der Bibel beschriebenen \u201eStern von <a href=\"https:\/\/www.stuttgarter-zeitung.de\/thema\/Bethlehem\" title=\"Bethlehem\" class=\"art_thema\" rel=\"nofollow noopener\" target=\"_blank\">Bethlehem<\/a>\u201c gef\u00e4llig? In den n\u00e4chsten Tagen sind die Geminiden \u00fcber dem <a href=\"https:\/\/www.stuttgarter-zeitung.de\/thema\/Nachthimmel\" title=\"Nachthimmel\" class=\"art_thema\" rel=\"nofollow noopener\" target=\"_blank\">Nachthimmel<\/a> wieder gut zu sehen.<\/p>\n<p>Sie sind der st\u00e4rkste bis zweitst\u00e4rkste Meteorstrom des Jahres mit einem Maximum 2025 in den Mittagsstunden des 14. Dezember. Aber auch davor und danach gibt es kleine Meteorschauer am Firmament.<\/p>\n<p>  <img decoding=\"async\" loading=\"lazy\" src=\"https:\/\/www.europesays.com\/de\/wp-content\/uploads\/2025\/12\/media.media.0b80cdaf-618a-45e8-9d1a-f4c9970f677e.original1024.media.jpeg\"\/>     Meteorglanz am   <a href=\"https:\/\/www.stuttgarter-zeitung.de\/thema\/Himmel\" title=\"Himmel\" class=\"art_thema\" rel=\"nofollow noopener\" target=\"_blank\">Himmel<\/a>?    Foto: IMAGO\/Zoonar    <\/p>\n<p><strong>Lesen Sie auch:<\/strong>\u00a0<a href=\"https:\/\/www.stuttgarter-zeitung.de\/inhalt.da-vinci-glow-leuchten-nachthimmel-mhsd.e80c090b-a12a-4c00-9192-e62bc052d2ba.html\" target=\"_blank\" rel=\"nofollow noopener\">Da Vinci Glow \u2013 Geheimnisvolles Leuchten am Nachthimmel (Doreen Matschuk)<\/a><\/p>\n<p>Die Wetterlage ist aktuell wechselhaft, doch teilweise klart der Himmel auch auf \u2013 man sollte also immer die aktuelle Prognose im Blick haben. In <a href=\"https:\/\/www.stuttgarter-zeitung.de\/thema\/Stuttgart\" title=\"Stuttgart\" class=\"art_thema\" rel=\"nofollow noopener\" target=\"_blank\">Stuttgart<\/a> gibt es einige Aussichtspunkte, an denen man potenziell einen guten Blick auf den Nachthimmel hat und <a href=\"https:\/\/www.stuttgarter-zeitung.de\/thema\/Sternschnuppen\" title=\"Sternschnuppen\" class=\"art_thema\" rel=\"nofollow noopener\" target=\"_blank\">Sternschnuppen<\/a> beobachten kann.\ufeff<\/p>\n<p>  <img decoding=\"async\" loading=\"lazy\" src=\"https:\/\/www.europesays.com\/de\/wp-content\/uploads\/2025\/12\/media.media.de85e6d1-4fc9-48c0-973a-900fc6b11a68.original1024.media.jpeg\"\/>    <a href=\"https:\/\/www.stuttgarter-zeitung.de\/thema\/Sternwarte\" title=\"Sternwarte\" class=\"art_thema\" rel=\"nofollow noopener\" target=\"_blank\">Sternwarte<\/a> auf der Uhlandsh\u00f6he.    Foto: Sternwarte Stuttgart    Sternschnuppen auf der Uhlandsh\u00f6he <\/p>\n<p>Man kann sich den Sternen nicht nur in der Sternwarte Stuttgart n\u00e4hern, sondern auch drumherum auf der Uhlandsh\u00f6he, wo sich das Observatorium befindet. Von dort aus genie\u00dft man eine hervorragende Sicht auf den n\u00e4chtlichen Himmel und kann nach den Geminiden Ausschau halten. Die Stadtbahnhaltestelle Heidehofstra\u00dfe liegt in unmittelbarer N\u00e4he und ist mit der Linie U15 erreichbar.<\/p>\n<p><strong>Lesen Sie auch:<\/strong>\u00a0<a href=\"https:\/\/www.stuttgarter-zeitung.de\/inhalt.geminiden-meteorschauer-sternschnuppen-dezember-baden-wuerttemberg.7f66ce3c-376d-4151-8c50-2427f62f07da.html\" target=\"_blank\" rel=\"nofollow noopener\">Geminiden-Meteorschauer &#8211; rasende Lichter am Firmament (von Markus Brauer)<\/a><\/p>\n<p>F\u00fcr die Beobachtung von Sternschnuppen eignen sich besonders erh\u00f6hte Positionen au\u00dferhalb des Stadtzentrums. Die Lichtverschmutzung in st\u00e4dtischen Gebieten beeintr\u00e4chtigt n\u00e4mlich die Sicht auf den Sternenhimmel.<\/p>\n<p>   <img decoding=\"async\" loading=\"lazy\" src=\"https:\/\/www.europesays.com\/de\/wp-content\/uploads\/2025\/12\/media.media.741b6511-e5ec-4345-89c6-151b043da13e.original1024.media.jpeg\"\/>     Stadtblick vom   <a href=\"https:\/\/www.stuttgarter-zeitung.de\/thema\/Birkenkopf\" title=\"Birkenkopf\" class=\"art_thema\" rel=\"nofollow noopener\" target=\"_blank\">Birkenkopf<\/a>.    Foto: dpa    Geminiden-Schau am Birkenkopf <\/p>\n<p>Wer die Geminiden in Stuttgart erleben m\u00f6chte, k\u00f6nnte einen n\u00e4chtlichen Trip zum Birkenkopf unternehmen. Mit seinen 511 Metern stellt er die h\u00f6chste Erhebung im inneren Stuttgarter Stadtgebiet dar.<\/p>\n<p>Nach den Zerst\u00f6rungen des Zweiten Weltkriegs wurden hier etwa 40 Meter Schutt aus der bombardierten Stadt aufgesch\u00fcttet \u2013 daher stammt auch die volkst\u00fcmliche Bezeichnung \u201eMonte Scherbelino\u201c. Dieser Aussichtspunkt ist sowohl mit dem PKW und dem Linienbus als auch zu Fu\u00df vom Westbahnhof aus zug\u00e4nglich.<\/p>\n<p><a href=\"https:\/\/www.stuttgarter-zeitung.de\/thema\/Schloss_Solitude\" title=\"Schloss Solitude\" class=\"art_thema\" rel=\"nofollow noopener\" target=\"_blank\">Schloss Solitude<\/a> bietet ebenfalls einen idealen Standort zur Beobachtung von Sternschnuppen in Stuttgart \u2013 in besonders malerischem Ambiente. Der Aussichtspunkt ist bequem mit der Buslinie 92 zu erreichen.<\/p>\n<p>   <img decoding=\"async\" loading=\"lazy\" src=\"https:\/\/www.europesays.com\/de\/wp-content\/uploads\/2025\/12\/media.media.72191d93-cc5c-4fbf-8fbd-314c0f299401.original1024.media.jpeg\"\/>    <a href=\"https:\/\/www.stuttgarter-zeitung.de\/thema\/Karlsh%C3%B6he\" title=\"Karlsh\u00f6he\" class=\"art_thema\" rel=\"nofollow noopener\" target=\"_blank\">Karlsh\u00f6he<\/a> im Herbst 2025.    Foto: Lichtgut    Sternschnuppen auf der Karlsh\u00f6he in Stuttgart <\/p>\n<p>Die Geminiden k\u00f6nnen jedoch auch in gr\u00f6\u00dferer N\u00e4he zu den Stadtlichtern bewundert werden. Auf der Karlsh\u00f6he im Stuttgarter S\u00fcden l\u00e4sst sich romantisch bei einem Picknick das Schauspiel der Sternschnuppen genie\u00dfen.<\/p>\n<p>Der Aussichtspunkt ist optimal mit der Stadtbahn zum Marienplatz erreichbar, alternativ auch von den S-Bahnstationen Feuersee und Schwabstra\u00dfe aus. Nach einem kurzen Aufstieg er\u00f6ffnet sich ein herrlicher Blick \u00fcber den Stuttgarter Talkessel und den n\u00e4chtlichen Sternenhimmel.<\/p>\n<p>Der Wei\u00dfenburgpark mit dem <a href=\"https:\/\/www.stuttgarter-zeitung.de\/thema\/Teehaus\" title=\"Teehaus\" class=\"art_thema\" rel=\"nofollow noopener\" target=\"_blank\">Teehaus<\/a> bietet sich ebenfalls hervorragend f\u00fcr ein Picknick unter dem Sternenhimmel an. Astronomiebegeisterte genie\u00dfen dort einen malerischen Blick \u00fcber Stuttgart und zum Firmament. Die Stadtbahnhaltestelle Bopser liegt in unmittelbarer N\u00e4he.<\/p>\n<p>   <img decoding=\"async\" loading=\"lazy\" src=\"https:\/\/www.europesays.com\/de\/wp-content\/uploads\/2025\/12\/media.media.a29f7299-13ed-4506-b59d-eb0505e582b7.original1024.media.jpeg\"\/>     Himmel mit Sternschnuppen (Archiv).    Foto: Matthias Balk\/dpa\/dpa-tmn    Drei T\u00fcrme f\u00fcr Sternschnuppen <\/p>\n<p>Auch an drei Stuttgarter T\u00fcrmen er\u00f6ffnen sich ausgezeichnete Perspektiven auf den Nachthimmel. Der Killesbergturm ist zwar nachts aus Sicherheitsgr\u00fcnden nicht zug\u00e4nglich, doch im umliegenden H\u00f6henpark lassen sich die Geminiden in ansprechender Umgebung gut beobachten. Den <a href=\"https:\/\/www.stuttgarter-zeitung.de\/thema\/H%C3%B6henpark_Killesberg\" title=\"Killesberg\" class=\"art_thema\" rel=\"nofollow noopener\" target=\"_blank\">Killesberg<\/a> erreicht man mit den Buslinien 43 und 44 oder der Stadtbahnlinie U5.<\/p>\n<p>F\u00fcr Bewohner des Stuttgarter Nordens bietet sich der Kriegsbergturm als idealer Ort zum Beobachten von Sternschnuppen an. Er befindet sich auf einer H\u00f6he von 353 Metern \u00fcber dem Meeresspiegel und ist mit der Buslinie 44 bequem erreichbar.<\/p>\n<p>   <img decoding=\"async\" loading=\"lazy\" src=\"https:\/\/www.europesays.com\/de\/wp-content\/uploads\/2025\/12\/media.media.d3ed5a74-f3d0-4f90-97af-9ed68918b1ce.original1024.media.jpeg\"\/>     Bismarckturm im Stuttgarter Norden.    Foto: Foto: Lichtgut\/Achim Zweygarth    <\/p>\n<p>Der Bismarckturm eignet sich ebenfalls hervorragend f\u00fcr Himmelsbeobachtungen. Obwohl der Turm selbst in der Regel nicht zug\u00e4nglich ist, erm\u00f6glicht die Aussichtsplattform am G\u00e4hkopf einen wunderbaren Blick auf das Firmament. Die Plattform liegt auf 409 Metern \u00fcber dem Meeresspiegel. Zum Bismarckturm gelangt man mit der Buslinie 43.<\/p>\n<p> Sternschnuppen-Aussichtspunkte in Stuttgart (Auswahl) <\/p>\n<ul>\n<li>Birkenkopf (\u201eMonte Scherbelino\u201c)<\/li>\n<li>Killesberg<\/li>\n<li>Karlsh\u00f6he<\/li>\n<li><a href=\"https:\/\/www.stuttgarter-zeitung.de\/thema\/Waldebene_Ost\" title=\"Waldebene Ost\" class=\"art_thema\" rel=\"nofollow noopener\" target=\"_blank\">Waldebene Ost<\/a><\/li>\n<li>Santiago-de-Chile-Platz in Degerloch<\/li>\n<li>Teehaus im Wei\u00dfenburgpark<\/li>\n<li>Schloss Solitude<\/li>\n<\/ul>\n<p>Die Sternschnuppen lassen sich mit dem blo\u00dfen Auge erkennen. Am besten zu sehen sind sie meist in der zweiten Nachth\u00e4lfte. Um die Geminiden zu beobachten gilt: Je dunkler die Umgebung, desto besser.<\/p>\n<p>   <img decoding=\"async\" loading=\"lazy\" src=\"https:\/\/www.europesays.com\/de\/wp-content\/uploads\/2025\/12\/media.media.bb8fee7d-d96f-419f-951b-93b2ad92f4b0.original1024.media.jpeg\"\/>     Stern von Bethlehem? Der Komet \u201eNeowise\u201c 2020 \u00fcber Dresden.    Foto: imago images\/Max Stein    Stern von Bethlehem \u00fcber Stuttgart? <\/p>\n<p>Eine kleine Entt\u00e4uschung f\u00fcr alle Weihnachtsfans gibt es allerdings, denn mit dem in der Bibel beschriebenen \u201eStern von Bethlehem\u201c haben die Geminiden nicht direkt etwas zu tun. Die Geminiden-Sternschnuppen sind ein relativ neues astronomisches Ph\u00e4nomen, das erst seit etwas mehr als 200 Jahren in Erscheinung tritt. Um Christi Geburt waren sie am Firmament noch gar nicht vorhanden.<\/p>\n<p><strong>Dieser Artikel erschien am 9. Dezember 2025 und wurde am 14. Dezember aktualisiert.<\/strong><\/p>\n","protected":false},"excerpt":{"rendered":"Kleiner Adventsvorgeschmack auf den in der Bibel beschriebenen \u201eStern von Bethlehem\u201c gef\u00e4llig? In den n\u00e4chsten Tagen sind die&hellip;\n","protected":false},"author":2,"featured_media":645243,"comment_status":"","ping_status":"","sticky":false,"template":"","format":"standard","meta":{"footnotes":"","_share_on_mastodon":"0"},"categories":[1830],"tags":[95402,83876,1634,151713,3364,29,19426,137354,151586,30,3597,151712,89167,1441],"class_list":["post-645242","post","type-post","status-publish","format-standard","has-post-thumbnail","category-stuttgart","tag-advent","tag-aussichtspunkte","tag-baden-wuerttemberg","tag-birkenkopf","tag-de","tag-deutschland","tag-dezember","tag-doreen-matschuk","tag-geminiden","tag-germany","tag-hoehenpark-killesberg","tag-markus-brauer","tag-sternschnuppen","tag-stuttgart"],"share_on_mastodon":{"url":"https:\/\/pubeurope.com\/@de\/115717187460339706","error":""},"_links":{"self":[{"href":"https:\/\/www.europesays.com\/de\/wp-json\/wp\/v2\/posts\/645242","targetHints":{"allow":["GET"]}}],"collection":[{"href":"https:\/\/www.europesays.com\/de\/wp-json\/wp\/v2\/posts"}],"about":[{"href":"https:\/\/www.europesays.com\/de\/wp-json\/wp\/v2\/types\/post"}],"author":[{"embeddable":true,"href":"https:\/\/www.europesays.com\/de\/wp-json\/wp\/v2\/users\/2"}],"replies":[{"embeddable":true,"href":"https:\/\/www.europesays.com\/de\/wp-json\/wp\/v2\/comments?post=645242"}],"version-history":[{"count":0,"href":"https:\/\/www.europesays.com\/de\/wp-json\/wp\/v2\/posts\/645242\/revisions"}],"wp:featuredmedia":[{"embeddable":true,"href":"https:\/\/www.europesays.com\/de\/wp-json\/wp\/v2\/media\/645243"}],"wp:attachment":[{"href":"https:\/\/www.europesays.com\/de\/wp-json\/wp\/v2\/media?parent=645242"}],"wp:term":[{"taxonomy":"category","embeddable":true,"href":"https:\/\/www.europesays.com\/de\/wp-json\/wp\/v2\/categories?post=645242"},{"taxonomy":"post_tag","embeddable":true,"href":"https:\/\/www.europesays.com\/de\/wp-json\/wp\/v2\/tags?post=645242"}],"curies":[{"name":"wp","href":"https:\/\/api.w.org\/{rel}","templated":true}]}}