{"id":645421,"date":"2025-12-14T11:12:25","date_gmt":"2025-12-14T11:12:25","guid":{"rendered":"https:\/\/www.europesays.com\/de\/645421\/"},"modified":"2025-12-14T11:12:25","modified_gmt":"2025-12-14T11:12:25","slug":"star-architekt-bjarke-ingels-zeigt-sein-sommerhaus-so-idyllisch-ist-sein-landsitz-in-daenemark","status":"publish","type":"post","link":"https:\/\/www.europesays.com\/de\/645421\/","title":{"rendered":"Star-Architekt Bjarke Ingels zeigt sein Sommerhaus: So idyllisch ist sein Landsitz in D\u00e4nemark!"},"content":{"rendered":"<p>W\u00e4hrend der gem\u00fctlichen R\u00fcckfahrt genoss er erneut die landschaftliche Sch\u00f6nheit der Insel. \u201eIrgendwann sind wir zum Wasser hinunter gefahren, und ich habe mich etwas umgesehen. Dort drau\u00dfen, direkt vor den B\u00e4umen, war ein Ort, der einfach fantastisch aussah\u201c, schw\u00e4rmt Ingels. \u201eIch hatte das Gef\u00fchl, dass ich, wenn ich mir ein Sommerhaus zulegen w\u00fcrde, etwas in dieser Art haben sollte.\u201c Kurze Zeit sp\u00e4ter schickte ihm ein Freund eine Verkaufsanzeige f\u00fcr ein Grundst\u00fcck in R\u00f8rvig \u2013 und zuf\u00e4lligerweise war es genau der Ort, den er zuvor so bewundert hatte.<\/p>\n<p>Das Sommerhaus mit dem Namen \u201eFjordglim\u201c (zu Deutsch: \u201eBlick auf den Fjord\u201c) liegt dort, wo der Isefjord auf <a href=\"https:\/\/www.ad-magazin.de\/artikel\/kleine-wohnung-meer-nordseekueste-belgien\" target=\"_blank\" rel=\"noopener\">die Nordsee<\/a> trifft, und bringt eine bewegte Vergangenheit mit. \u201eDer Mann, der die F\u00e4hrverbindung zwischen Hundested und R\u00f8rvig ins Leben gerufen hat, hatte drei S\u00f6hne, von denen jeder ein Sommerhaus baute \u2013 dies ist eines davon\u201c, erkl\u00e4rt Ingels. Das von schwedischen Handwerker:innen erbaute Ferienhaus, das Ingels als \u201eeine Art skandinavischen Hybrid\u201c bezeichnet, weist eindeutig schwedische Merkmale auf, die mit d\u00e4nischen Einfl\u00fcssen verschmolzen sind. Die fr\u00fcheren Eigent\u00fcmer:innen waren rund 40 Jahre lang in Besitz des Hauses, nachdem sie es von der F\u00e4hrbetreiber-Familie erworben hatten.<\/p>\n<p><img decoding=\"async\" alt=\"Bjarke Ingels Sommerhaus in D\u00e4nemark Renovierung blaue K\u00fcche Holzboden\" loading=\"lazy\" class=\"ResponsiveImageContainer-eNxvmU cfBbTk responsive-image__image\"   src=\"https:\/\/www.europesays.com\/de\/wp-content\/uploads\/2025\/12\/BjarkeIngels_VogueScandinavia_2025_CMA_9C9A2558.jpg\"\/><\/p>\n<p>Die K\u00fcche ist das einzige moderne Element des Hauses. Hierbei wurde unter anderem ein besonderes Material verbaut, das aus recycelten farbigen Kunststoff-Schneidebrettern besteht. Der Wasserhahn stammt von Toni Copenhagen und Bjarke Ingels Group, die Messing-Arbeitsplatten sind von G\u00f8rtler Finn Jakobsen.<\/p>\n<p>Christian M\u00f8ller Andersen<img decoding=\"async\" alt=\"Bjarke Ingels Sommerhaus in D\u00e4nemark Renovierung K\u00fcche in Wei\u00df und Blau\" loading=\"lazy\" class=\"ResponsiveImageContainer-eNxvmU cfBbTk responsive-image__image\"   src=\"https:\/\/www.europesays.com\/de\/wp-content\/uploads\/2025\/12\/BjarkeIngels_VogueScandinavia_2025_CMA_9C9A2204.jpg\"\/><\/p>\n<p>Die K\u00fcche wurde in Zusammenarbeit mit Reform und den belgischen Designern Muller Van Severen hergestellt. Die Arbeitsplatte und die Herdabdeckung stammen beide von G\u00f8rtler Finn Jacobsen.<\/p>\n<p>Christian M\u00f8ller Andersen<\/p>\n<p>\u201eDie Vorbesitzer:innen hatten das Haus sehr gut gepflegt\u201c, sagt Ingels. Im Laufe der Jahre sei fast nichts ver\u00e4ndert worden: \u201eEin Gro\u00dfteil der urspr\u00fcnglichen, handgemalten schwedischen Verzierungen und die meisten M\u00f6bel \u2013 wie die Esszimmerst\u00fchle und der Tisch \u2013 waren original und von den Zimmerleuten angefertigt worden. Also bin ich in diese perfekte Fantasiewelt eingezogen.\u201c Er hatte jedoch eine Bedingung in seinem Kaufangebot: Er wollte auch den kuscheligen Pullover erwerben, den die Tochter der Vorbesitzer:innen gestrickt hatte und auf dem das Sommerhaus abgebildet war. \u201eEs ist ein ikonischer Pullover. Ich erz\u00e4hle gern, dass es der teuerste Pullover ist, den ich je gekauft habe\u201c, sagt er lachend.<\/p>\n<p><img decoding=\"async\" alt=\"Bjarke Ingels Renovierung der Architekt mit buntem Strickpullover\" loading=\"lazy\" class=\"ResponsiveImageContainer-eNxvmU cfBbTk responsive-image__image\"   src=\"https:\/\/www.europesays.com\/de\/wp-content\/uploads\/2025\/12\/Screenshot%202025-11-11%20at%203.25.jpg\"\/><\/p>\n<p>Auf dem Cover von Vogue Scandinavia Living tr\u00e4gt Bjarke Ingels einen Pullover, auf dem sein Sommerhaus abgebildet ist, gestrickt von der Tochter der ehemaligen Besitzer:innen.<\/p>\n<p>Christian M\u00f8ller AndersenEin traditioneller Mix aus D\u00e4nemark und Schweden<\/p>\n<p>Da es sich um ein historisch bedeutsames Geb\u00e4ude handelt, durfte das \u00c4u\u00dfere des Sommerhauses nicht ver\u00e4ndert werden. Insbesondere die Fassade ist ein traditioneller Mix aus schwedischen und d\u00e4nischen Einfl\u00fcssen; darunter skandinavisches Kiefernholz, get\u00fcncht in leuchtendem Falunrot (auch bekannt als Schwedenrot), ein Pigment, das als Nebenprodukt aus den Kupferminen in Falun, Schweden, gewonnen wird und seit dem 17. Jahrhundert traditionell auf schwedische Sommerh\u00e4user aufgetragen wird. Dazu kommt ein schr\u00e4ges Strohdach \u2013 ein Markenzeichen l\u00e4ndlicher d\u00e4nischer H\u00e4user, das Tausende von Jahren zur\u00fcckreicht. Im Inneren st\u00f6\u00dft man auf eine Kiefernholzverkleidung und eine Einrichtung, die von schwedischer Tradition gepr\u00e4gt ist. Die charakteristischen satten Falunrot-, Gelb- und Gr\u00fcnt\u00f6ne finden sich im gesamten Haus wieder und erinnern an die urspr\u00fcngliche Farbpalette des Ortes.<\/p>\n<p>Behutsame Renovierung<\/p>\n<p>Obwohl das Geb\u00e4ude gut erhalten war, gab es einige \u00c4nderungen, die Ingels vornehmen wollte \u2013 nicht, um den Charakter des Sommerhauses zu ver\u00e4ndern, sondern um ihn auf subtile Weise noch besser zur Geltung zu bringen. Nachdem er es 2021 gekauft hatte, verbrachte er einen ganzen Sommer damit, den Ort einfach nur auf sich wirken zu lassen, bevor er mithilfe der Architektin Anne-Charlotte Wiklander (die bei der Bjarke Ingels Group t\u00e4tig war, bevor sie ihr eigenes B\u00fcro gr\u00fcndete) und des Tischlers Beier Davidsen allm\u00e4hlich mit der Renovierung begann. \u201eEs geht wirklich darum, das Haus zu fragen, was es braucht\u201c, sagt er. Bei der Sanierung von Orten wie \u201eFjordglim\u201c sei eine gewisse Diskretion erforderlich. \u201eMan wird zum Verwalter des Hauses und seiner Identit\u00e4t. Ich w\u00fcrde sagen, dass meine Umgestaltungen in erster Linie darauf abgezielt haben, Dinge zu korrigieren, die nicht zum Haus passten.\u201c<\/p>\n","protected":false},"excerpt":{"rendered":"W\u00e4hrend der gem\u00fctlichen R\u00fcckfahrt genoss er erneut die landschaftliche Sch\u00f6nheit der Insel. \u201eIrgendwann sind wir zum Wasser hinunter&hellip;\n","protected":false},"author":2,"featured_media":645422,"comment_status":"","ping_status":"","sticky":false,"template":"","format":"standard","meta":{"footnotes":""},"categories":[1775],"tags":[1793,29,214,30,1854,1794,215],"class_list":{"0":"post-645421","1":"post","2":"type-post","3":"status-publish","4":"format-standard","5":"has-post-thumbnail","7":"category-kunst-und-design","8":"tag-art-and-design","9":"tag-deutschland","10":"tag-entertainment","11":"tag-germany","12":"tag-homestory","13":"tag-kunst-und-design","14":"tag-unterhaltung"},"share_on_mastodon":{"url":"https:\/\/pubeurope.com\/@de\/115717626189095497","error":""},"_links":{"self":[{"href":"https:\/\/www.europesays.com\/de\/wp-json\/wp\/v2\/posts\/645421","targetHints":{"allow":["GET"]}}],"collection":[{"href":"https:\/\/www.europesays.com\/de\/wp-json\/wp\/v2\/posts"}],"about":[{"href":"https:\/\/www.europesays.com\/de\/wp-json\/wp\/v2\/types\/post"}],"author":[{"embeddable":true,"href":"https:\/\/www.europesays.com\/de\/wp-json\/wp\/v2\/users\/2"}],"replies":[{"embeddable":true,"href":"https:\/\/www.europesays.com\/de\/wp-json\/wp\/v2\/comments?post=645421"}],"version-history":[{"count":0,"href":"https:\/\/www.europesays.com\/de\/wp-json\/wp\/v2\/posts\/645421\/revisions"}],"wp:featuredmedia":[{"embeddable":true,"href":"https:\/\/www.europesays.com\/de\/wp-json\/wp\/v2\/media\/645422"}],"wp:attachment":[{"href":"https:\/\/www.europesays.com\/de\/wp-json\/wp\/v2\/media?parent=645421"}],"wp:term":[{"taxonomy":"category","embeddable":true,"href":"https:\/\/www.europesays.com\/de\/wp-json\/wp\/v2\/categories?post=645421"},{"taxonomy":"post_tag","embeddable":true,"href":"https:\/\/www.europesays.com\/de\/wp-json\/wp\/v2\/tags?post=645421"}],"curies":[{"name":"wp","href":"https:\/\/api.w.org\/{rel}","templated":true}]}}