{"id":645564,"date":"2025-12-14T12:45:31","date_gmt":"2025-12-14T12:45:31","guid":{"rendered":"https:\/\/www.europesays.com\/de\/645564\/"},"modified":"2025-12-14T12:45:31","modified_gmt":"2025-12-14T12:45:31","slug":"anton-corbijns-pop-fotografie-zwischen-genialen-und-banalen-motiven","status":"publish","type":"post","link":"https:\/\/www.europesays.com\/de\/645564\/","title":{"rendered":"Anton Corbijns Pop-Fotografie: Zwischen genialen und banalen Motiven"},"content":{"rendered":"<p>        <img decoding=\"async\" src=\"https:\/\/www.europesays.com\/de\/wp-content\/uploads\/2025\/12\/covercorbijn-100.webp\" alt=\"Cover, Anton Corbijn\" title=\"Cover, Anton Corbijn | Belser\" class=\"responsive\"\/><\/p>\n<p>AUDIO: Bildsch\u00f6ne B\u00fccher: &#8222;Anton Corbijn&#8220; (4 Min)<\/p>\n<p>\n            Stand: 14.12.2025 12:23 Uhr<\/p>\n<p class=\"preface\">Anton Corbijn gilt als einer der wichtigsten Portr\u00e4t-Fotografen im Pop- und Rock-Business. Davon zeugt ein monumentaler Bildband aus dem Belser Verlag: eine vom Fotografen selbst zusammengestellte Werkschau.<\/p>\n<p class=\"textauthor\">von <a href=\"https:\/\/www.ndr.de\/kultur\/guido-pauling,pauling108.html\" rel=\"nofollow noopener\" target=\"_blank\">Guido Pauling<\/a><\/p>\n<p class=\"\">&#8222;Was f\u00fcr ein arrogantes &#8211; Genie!&#8220; m\u00f6chte ich ausrufen beim Anblick dieses Fotos. Elvis Costello quer hingefl\u00e4zt auf einem Bettsofa, in dunklem Anzug und Krawatte, sp\u00f6ttischer Blick durch die schwarzgerahmte Nerdbrille, eine Fender E-Gitarre liegt auf seiner schm\u00e4chtigen Brust wie eine Waffe &#8211; oder ein Schutzschild gegen den sehr aufdringlichen Fotografen. Der beugt sich n\u00e4mlich halb \u00fcber sein Objekt f\u00fcr diese Aufnahme des Jungstars im Jahr, als dessen Deb\u00fctalbum erschien. Dazu ruht ein VOX-Gitarrenverst\u00e4rker auf dem Kopfkissen, der bunt bedruckte Gardinenvorhang limitiert den Platz auf dem ohnehin schon schmalen Bett noch mehr. Doch was soll&#8217;s, scheint die Aufnahme zu sagen, Hauptsache zappeliger 70er-Rock&#8217;n&#8217;Roll!<\/p>\n<p class=\"\">Costello war damals knapp 23, Corbijn ein Jahr j\u00fcnger; zwei Jungspunde, die den Rock&amp;Pop-Olymp erklimmen wollten, und denen das auch bald gelang. Wobei Costello das Stil-Cham\u00e4leon wurde, Corbijn dagegen der deutlich kommerziellere Pop-Gott: ein \u00e4u\u00dferst freundschaftsbegabter Fotograf, der f\u00fcr diese Freunde &#8211; wie vor allem U2 und Depeche Mode &#8211; Auftragsarbeiten erledigt, indem er Bands und Solisten auf Plattencovern und in Musikmagazinen toll aussehen l\u00e4sst. Oder, positiv ausgedr\u00fcckt: ein Bildk\u00fcnstler, der den Musikern in unserer Augenwelt die n\u00f6tige Aufmerksamkeit verschafft.<\/p>\n<p>    Zwischen Kunstanspruch und Kommerzauftrag<\/p>\n<p class=\"\">Man kann es so oder so sehen: Kommerz oder Kunst. Um diese beiden Pole kreist Corbijns Bildwerk. Und dieser Band beweist es. &#8222;Generell finde ich es schwierig, \u00fcber mein eigenes Werk zu sprechen&#8220;, schreibt Corbijn selbst. &#8222;Manche meiner Bilder frustrieren mich, von manchen bin ich total begeistert.&#8220; Was soll ich sagen als Rezensent: Mir geht es genau so.<\/p>\n<p class=\"\">Ausdrucksstark: Sex-Pistols-S\u00e4nger John Lydon alias Johnny Rotten mit Kippen und Bierflasche in irgendeinem Hausflur, teppichbespannte Treppe, Nikotinschwaden vor der Punk-Visage &#8211; ein Mix aus Coolness und Prekariat.<\/p>\n<p class=\"\">Oder Annie Lennox auf akkurat gem\u00e4htem Rasenh\u00fcgel; Rundbrille, Kurzhaarschnitt und vor allem dieser Hey-Lust-\u00fcber-Shelley-zu-debattieren?-Blick der Literaturdozentin: eine Mischung aus Intelligenz und Sex-Appeal.<\/p>\n<p class=\"\">Dagegen steht leider die Industrieware des Pop: Aufnahmen von The Police, Depeche Mode, Coldplay &#8211; alle Personen sorgsam aufgestellt, die Frisuren sitzen. Der Fotograf ist definitiv ein K\u00f6nner &#8211; aber ist er auch ein K\u00fcnstler?<\/p>\n<p>    Faszination trifft Ern\u00fcchterung<\/p>\n<p class=\"\">Johan Faes schreibt in dem langen Vorwort:\u00a0&#8222;Corbijns Definition eines gelungenen Fotos umfasst drei Punkte. Erstens: Es muss etwas \u00fcber die Person aussagen, die man fotografiert. Zweitens: Es muss etwas \u00fcber einen selbst aussagen. Und drittens: Es darf noch nie auf diese Weise gezeigt worden sein. Die prozentuale Verteilung ist egal, aber diese drei Dinge sollte man ankreuzen k\u00f6nnen.&#8220;<\/p>\n<p class=\"\">Bl\u00f6d nur: Nach diesen Kriterien fallen zahlreiche Aufnahmen dieses Bandes durch. Cool herumstehende Jungs und makellos sch\u00f6ne Fotomodels, die sich m\u00fchen, geheimnisvoll zu gucken; all das kannte die Welt bereits vor dem sch\u00fcchternen Holl\u00e4nder mit der Kamera. Und doch nimmt er sie in diesen hochpreisigen, 560-Seiten-starken Bildband mit auf &#8211; warum blo\u00df? Weil sie Stars zeigen, und die Leute nun einmal Stars sehen wollen? Oder weil das Buch eine Werk-Retrospektive ist, in der auch massentaugliche Standardware nicht verschwiegen wird? Kommerz und Kunst. Beides dauerhaft umkreist von einem Fotografen, der dabei selbst zum Star wurde.<\/p>\n<p class=\"\">Und dann, nach einiger Frustration, bl\u00e4ttere ich weiter &#8211; und bin wieder begeistert: Fantastisch das Portr\u00e4t von David Gilmour aus dem vorigen Jahr! Ein \u00e4lterer Kopf wie eine Skulptur; markant, zerfurcht, grau-wei\u00df aus dem schwarzen Hintergrund herausragend. Herausragend!<\/p>\n<p>        <a href=\"https:\/\/www.europesays.com\/de\/wp-content\/uploads\/2025\/12\/covercorbijn-100.webp\" class=\"zoomimage\" title=\"Bild vergr\u00f6\u00dfern\"><\/p>\n<p>        <img decoding=\"async\" src=\"https:\/\/www.europesays.com\/de\/wp-content\/uploads\/2025\/12\/covercorbijn-100.webp\" alt=\"Cover, Anton Corbijn\" title=\"Cover, Anton Corbijn | Belser\" class=\"responsive\" loading=\"lazy\"\/><\/p>\n<p>        <\/a><\/p>\n<p>      Anton Corbijn<\/p>\n<p>von Anton Corbijn, Marlene Dumas, Samantha Morton, Tom Waits<\/p>\n<dl>\n<dt class=\"dtHidden\">Seitenzahl:<\/dt>\n<dd>560 Seiten<\/dd>\n<dt class=\"dtHidden\">Genre:<\/dt>\n<dd>Bildband<\/dd>\n<dt>Verlag:<\/dt>\n<dd>Prestel<\/dd>\n<dt>ISBN:<\/dt>\n<dd>978-94-6494-160-9<\/dd>\n<dt>Preis:<\/dt>\n<dd>145 \u20ac<\/dd>\n<\/dl>\n","protected":false},"excerpt":{"rendered":"AUDIO: Bildsch\u00f6ne B\u00fccher: &#8222;Anton Corbijn&#8220; (4 Min) Stand: 14.12.2025 12:23 Uhr Anton Corbijn gilt als einer der wichtigsten&hellip;\n","protected":false},"author":2,"featured_media":645565,"comment_status":"","ping_status":"","sticky":false,"template":"","format":"standard","meta":{"footnotes":""},"categories":[1775],"tags":[151746,1793,9225,9229,1797,29,214,1885,30,1794,215],"class_list":{"0":"post-645564","1":"post","2":"type-post","3":"status-publish","4":"format-standard","5":"has-post-thumbnail","7":"category-kunst-und-design","8":"tag-anton-corbijn","9":"tag-art-and-design","10":"tag-bildband","11":"tag-bildbaende","12":"tag-buch","13":"tag-deutschland","14":"tag-entertainment","15":"tag-fotografie","16":"tag-germany","17":"tag-kunst-und-design","18":"tag-unterhaltung"},"share_on_mastodon":{"url":"https:\/\/pubeurope.com\/@de\/115717991640869747","error":""},"_links":{"self":[{"href":"https:\/\/www.europesays.com\/de\/wp-json\/wp\/v2\/posts\/645564","targetHints":{"allow":["GET"]}}],"collection":[{"href":"https:\/\/www.europesays.com\/de\/wp-json\/wp\/v2\/posts"}],"about":[{"href":"https:\/\/www.europesays.com\/de\/wp-json\/wp\/v2\/types\/post"}],"author":[{"embeddable":true,"href":"https:\/\/www.europesays.com\/de\/wp-json\/wp\/v2\/users\/2"}],"replies":[{"embeddable":true,"href":"https:\/\/www.europesays.com\/de\/wp-json\/wp\/v2\/comments?post=645564"}],"version-history":[{"count":0,"href":"https:\/\/www.europesays.com\/de\/wp-json\/wp\/v2\/posts\/645564\/revisions"}],"wp:featuredmedia":[{"embeddable":true,"href":"https:\/\/www.europesays.com\/de\/wp-json\/wp\/v2\/media\/645565"}],"wp:attachment":[{"href":"https:\/\/www.europesays.com\/de\/wp-json\/wp\/v2\/media?parent=645564"}],"wp:term":[{"taxonomy":"category","embeddable":true,"href":"https:\/\/www.europesays.com\/de\/wp-json\/wp\/v2\/categories?post=645564"},{"taxonomy":"post_tag","embeddable":true,"href":"https:\/\/www.europesays.com\/de\/wp-json\/wp\/v2\/tags?post=645564"}],"curies":[{"name":"wp","href":"https:\/\/api.w.org\/{rel}","templated":true}]}}