{"id":645612,"date":"2025-12-14T13:15:22","date_gmt":"2025-12-14T13:15:22","guid":{"rendered":"https:\/\/www.europesays.com\/de\/645612\/"},"modified":"2025-12-14T13:15:22","modified_gmt":"2025-12-14T13:15:22","slug":"pflichtsieg-ohne-glamour-faktor-fuer-elephants-grevenbroich-in-muenster","status":"publish","type":"post","link":"https:\/\/www.europesays.com\/de\/645612\/","title":{"rendered":"Pflichtsieg ohne Glamour-Faktor f\u00fcr Elephants Grevenbroich in M\u00fcnster"},"content":{"rendered":"<p class=\"text_ohne_einzug richtext text-em-55 !leading-serif mx-6 desktop:mx-0\">An einem schlechten Tag gehen solche Spiele verloren \u2013 aber nicht f\u00fcr die NEW Elephants. Trotzdem war Trainer Viktor Frankl-Maus nach dem die R\u00fcckrunde er\u00f6ffnenden zw\u00f6lften Sieg in Folge seiner Jungs beim UBC M\u00fcnster II einfach nur froh, \u201edass es vorbei war.\u201c Im Grunde reichte dem Tabellenf\u00fchrer der Basketball-Regionalliga ein allerdings famoses Viertel aus, um das Match noch deutlich mit 81:60 nach Hause zu bringen.<\/p>\n","protected":false},"excerpt":{"rendered":"An einem schlechten Tag gehen solche Spiele verloren \u2013 aber nicht f\u00fcr die NEW Elephants. Trotzdem war Trainer&hellip;\n","protected":false},"author":2,"featured_media":645613,"comment_status":"","ping_status":"","sticky":false,"template":"","format":"standard","meta":{"footnotes":"","_share_on_mastodon":"0"},"categories":[1843],"tags":[2493,3364,29,108248,151749,30,46343,13762,24297,8970,1209,3459,6224,21019,136705],"class_list":["post-645612","post","type-post","status-publish","format-standard","has-post-thumbnail","category-muenster","tag-basketball","tag-de","tag-deutschland","tag-elephants","tag-frankl","tag-germany","tag-grevenbroich","tag-liga","tag-maus","tag-muenster","tag-nordrhein-westfalen","tag-regionalliga","tag-rueckrunde","tag-viertel","tag-zwoelften"],"share_on_mastodon":{"url":"https:\/\/pubeurope.com\/@de\/115718109504950127","error":""},"_links":{"self":[{"href":"https:\/\/www.europesays.com\/de\/wp-json\/wp\/v2\/posts\/645612","targetHints":{"allow":["GET"]}}],"collection":[{"href":"https:\/\/www.europesays.com\/de\/wp-json\/wp\/v2\/posts"}],"about":[{"href":"https:\/\/www.europesays.com\/de\/wp-json\/wp\/v2\/types\/post"}],"author":[{"embeddable":true,"href":"https:\/\/www.europesays.com\/de\/wp-json\/wp\/v2\/users\/2"}],"replies":[{"embeddable":true,"href":"https:\/\/www.europesays.com\/de\/wp-json\/wp\/v2\/comments?post=645612"}],"version-history":[{"count":0,"href":"https:\/\/www.europesays.com\/de\/wp-json\/wp\/v2\/posts\/645612\/revisions"}],"wp:featuredmedia":[{"embeddable":true,"href":"https:\/\/www.europesays.com\/de\/wp-json\/wp\/v2\/media\/645613"}],"wp:attachment":[{"href":"https:\/\/www.europesays.com\/de\/wp-json\/wp\/v2\/media?parent=645612"}],"wp:term":[{"taxonomy":"category","embeddable":true,"href":"https:\/\/www.europesays.com\/de\/wp-json\/wp\/v2\/categories?post=645612"},{"taxonomy":"post_tag","embeddable":true,"href":"https:\/\/www.europesays.com\/de\/wp-json\/wp\/v2\/tags?post=645612"}],"curies":[{"name":"wp","href":"https:\/\/api.w.org\/{rel}","templated":true}]}}