{"id":645619,"date":"2025-12-14T13:21:11","date_gmt":"2025-12-14T13:21:11","guid":{"rendered":"https:\/\/www.europesays.com\/de\/645619\/"},"modified":"2025-12-14T13:21:11","modified_gmt":"2025-12-14T13:21:11","slug":"wuppertal-boden-abgesackt-grundschule-bleibt-geschlossen","status":"publish","type":"post","link":"https:\/\/www.europesays.com\/de\/645619\/","title":{"rendered":"Wuppertal Boden abgesackt: Grundschule bleibt geschlossen"},"content":{"rendered":"<p class=\"richtext text-em-55 !leading-serif mx-6 desktop:mx-0\">Bei dem weiteren betroffenen Haus handelt es sich nach Angaben der Feuerwehr um ein Dienstgeb\u00e4ude der Wuppertaler Stadtwerke, in dem niemand wohnt. Es sei vorsorglich gesperrt worden, nachdem im Keller sogenannte Setzrisse entdeckt worden waren. Eine Evakuierung sei dort aber nicht notwendig gewesen. Dass die Sch\u00e4den mit der Situation am Mehrfamilienhaus zusammenhingen, sei offensichtlich, sagte ein Feuerwehrsprecher.<\/p>\n<p class=\"richtext text-em-55 !leading-serif mx-6 desktop:mx-0\">An dem benachbarten Mehrfamilienhaus war zuvor an mehreren Stellen der Boden abgesackt. Das Geb\u00e4ude gilt seither als einsturzgef\u00e4hrdet und wurde ger\u00e4umt. Vier Bewohnerinnen und Bewohner kamen vor\u00fcbergehend bei Verwandten unter. Als Grund wird eine Untersp\u00fclung angenommen, wom\u00f6glich infolge eines unbemerkten Schadens an einer Wasserleitung. Best\u00e4tigt ist das bislang nicht. Die genaue Ursache wird noch ermittelt.<\/p>\n<p>THW spritzt Beton in den Untergrund      <\/p>\n<p class=\"richtext text-em-55 !leading-serif mx-6 desktop:mx-0\">In der Nacht zum Samstag spritzte das Technische Hilfswerk (THW) nach Angaben der Feuerwehr 35 Kubikmeter Beton in die L\u00f6cher neben und unter dem einsturzgef\u00e4hrdeten Haus. Damit soll der Untergrund stabilisiert werden. Ob die Ma\u00dfnahme erfolgreich war, k\u00f6nne man jedoch fr\u00fchestens am Montag beurteilen, so die Stadt. Der Beton m\u00fcsse noch aush\u00e4rten. \u201eDas Geb\u00e4ude ist nach wie vor in Bewegung. Die Bewegung ist aber verlangsamt\u201c, sagte eine Stadtsprecherin.<\/p>\n<p class=\"richtext text-em-55 !leading-serif mx-6 desktop:mx-0\">Auswirkungen hat die Situation auch auf eine gegen\u00fcberliegende Grundschule. Sie bleibt am Montag geschlossen, weil die Gasversorgung in dem Bereich vorsorglich abgesperrt wurde. Das Schulgeb\u00e4ude k\u00f6nne derzeit nicht beheizt werden, teilte eine Stadtsprecherin mit. M\u00f6glicherweise bleibe die Schule auch an den folgenden Tagen geschlossen. Die Lage soll weiter beobachtet werden.<\/p>\n","protected":false},"excerpt":{"rendered":"Bei dem weiteren betroffenen Haus handelt es sich nach Angaben der Feuerwehr um ein Dienstgeb\u00e4ude der Wuppertaler Stadtwerke,&hellip;\n","protected":false},"author":2,"featured_media":645620,"comment_status":"","ping_status":"","sticky":false,"template":"","format":"standard","meta":{"footnotes":""},"categories":[1840],"tags":[5871,151755,151753,3483,151754,3364,29,151752,21543,30,8976,4732,5213,12182,1209,4936,151756,966,10144,4418],"class_list":{"0":"post-645619","1":"post","2":"type-post","3":"status-publish","4":"format-standard","5":"has-post-thumbnail","7":"category-wuppertal","8":"tag-grundschule","9":"tag-20wohnhaus","10":"tag-abgesackt","11":"tag-boden","12":"tag-bodenabsackung","13":"tag-de","14":"tag-deutschland","15":"tag-einsturzgefaehrdet","16":"tag-entdeckt","17":"tag-germany","18":"tag-geschlossen","19":"tag-grund","20":"tag-haus","21":"tag-mehrfamilienhaus","22":"tag-nordrhein-westfalen","23":"tag-schaden","24":"tag-schadens","25":"tag-schule","26":"tag-situation","27":"tag-wuppertal"},"share_on_mastodon":{"url":"https:\/\/pubeurope.com\/@de\/115718133224993226","error":""},"_links":{"self":[{"href":"https:\/\/www.europesays.com\/de\/wp-json\/wp\/v2\/posts\/645619","targetHints":{"allow":["GET"]}}],"collection":[{"href":"https:\/\/www.europesays.com\/de\/wp-json\/wp\/v2\/posts"}],"about":[{"href":"https:\/\/www.europesays.com\/de\/wp-json\/wp\/v2\/types\/post"}],"author":[{"embeddable":true,"href":"https:\/\/www.europesays.com\/de\/wp-json\/wp\/v2\/users\/2"}],"replies":[{"embeddable":true,"href":"https:\/\/www.europesays.com\/de\/wp-json\/wp\/v2\/comments?post=645619"}],"version-history":[{"count":0,"href":"https:\/\/www.europesays.com\/de\/wp-json\/wp\/v2\/posts\/645619\/revisions"}],"wp:featuredmedia":[{"embeddable":true,"href":"https:\/\/www.europesays.com\/de\/wp-json\/wp\/v2\/media\/645620"}],"wp:attachment":[{"href":"https:\/\/www.europesays.com\/de\/wp-json\/wp\/v2\/media?parent=645619"}],"wp:term":[{"taxonomy":"category","embeddable":true,"href":"https:\/\/www.europesays.com\/de\/wp-json\/wp\/v2\/categories?post=645619"},{"taxonomy":"post_tag","embeddable":true,"href":"https:\/\/www.europesays.com\/de\/wp-json\/wp\/v2\/tags?post=645619"}],"curies":[{"name":"wp","href":"https:\/\/api.w.org\/{rel}","templated":true}]}}